{"id":127410,"date":"2026-03-12T14:53:09","date_gmt":"2026-03-12T14:53:09","guid":{"rendered":"https:\/\/www.europesays.com\/ee\/127410\/"},"modified":"2026-03-12T14:53:09","modified_gmt":"2026-03-12T14:53:09","slug":"drammeni-maailmakarikavoistlused-2025-2026-naiste-sprindikvalifikatsiooni-tulemused","status":"publish","type":"post","link":"https:\/\/www.europesays.com\/ee\/127410\/","title":{"rendered":"Drammeni maailmakarikav\u00f5istlused 2025\/2026: naiste sprindikvalifikatsiooni tulemused"},"content":{"rendered":"<p>Drammeni maailmakarika sprindiv\u00f5istluse sprindifinaali p\u00e4\u00e4sesid 30 parimat suusatajat. Naiste sprindieels\u00f5idud algavad kell 16.30 Kesk-Euroopa aja j\u00e4rgi.\u00a0<\/p>\n<p>Drammeni maailmakarika sprintklassika kvalifikatsioon<\/p>\n<p class=\"gt-block\">Naiste esik\u00fcmnes<\/p>\n<ol start=\"1\" class=\"wp-block-list\">\n<li>Linn Svahn (Rootsi), 2:41.87<\/li>\n<li>Jonna Sundling (Rootsi), +2.52<\/li>\n<li>Coletta Rydzek (Saksamaa), +4.74<\/li>\n<li>Johanna Hagstr\u00f6m (SWE), +5.95<\/li>\n<li>Kristine Stav\u00e5s Skistad (NOR), +6.59<\/li>\n<\/ol>\n<p class=\"gt-block\">T\u00e4ielikud kvalifikatsioonitulemused leiate <a href=\"https:\/\/www.proxcskiing.com\/et\/s%C3%BCndmus\/fis-wc-drammeni-sprint-c-3\/\" rel=\"nofollow noopener\" target=\"_blank\">SIIN<\/a><\/p>\n<p class=\"gt-block\">Samuti loe &#8211;\u00a0<a href=\"https:\/\/www.proxcskiing.com\/et\/traditsiooniline-suusatamine\/Murdmaajooksu-maailmameistriv%C3%B5istlused-2025-2026-Drammeni-ja-Holmenkolleni-t%C3%A4ielik-programm\/\" target=\"_blank\" rel=\"noreferrer noopener nofollow\">Murdmaa MM 2025\/2026: Drammeni ja Holmenkolleni t\u00e4ielik programm<\/a><\/p>\n<p>FAKTID Drammeni ja Holmenkolleni maailmameistriv\u00f5istluste hooaeg 2025\/2026<\/p>\n<ul class=\"wp-block-list\">\n<li>Millal: Neljap\u00e4eval, 12. m\u00e4rtsil ja laup\u00e4eval, 14. m\u00e4rtsil 2026\u00a0<\/li>\n<li>Kes: Eliitriigi suusatajad \u2013 naised ja mehed<\/li>\n<li>kus: Drammen ja Holmenkollen, Norra<\/li>\n<li>Mis:\u00a0FIS-i murdmaasuusatamise maailmakarikav\u00f5istlused <a href=\"https:\/\/www.fis-ski.com\/DB\/general\/event-details.html?sectorcode=CC&amp;eventid=58068&amp;seasoncode=2026\" target=\"_blank\" rel=\"noreferrer noopener nofollow\">Drammen<\/a> ja <a href=\"https:\/\/www.fis-ski.com\/DB\/general\/event-details.html?sectorcode=CC&amp;eventid=58069&amp;seasoncode=2026\" target=\"_blank\" rel=\"noreferrer noopener nofollow\">holmenkollen<\/a>, Norra<\/li>\n<\/ul>\n<p class=\"gt-block\">PROGRAMM<\/p>\n<p class=\"gt-block\">Neljap\u00e4ev, 12. m\u00e4rts: Sprint Classic (Lisateavet leiate aadressilt <a href=\"https:\/\/www.proxcskiing.com\/et\/s%C3%BCndmus\/fis-wc-drammeni-sprint-c-3\/\" target=\"_blank\" rel=\"noreferrer noopener nofollow\">SIIN<\/a>)<\/p>\n<ul class=\"wp-block-list\">\n<li>14:00 CET: Naiste sprindikvalifikatsioon, klassikaline<\/li>\n<li>14:35 CET: Meeste sprindikvalifikatsioon, klassikaline<\/li>\n<li>16:30 CET: Naiste sprindi finaalklassika<\/li>\n<li>17:00 CET: Meeste sprindi finaalklassika<\/li>\n<\/ul>\n<p class=\"gt-block\">Laup\u00e4ev, 14. m\u00e4rts: 50 km \u00fchisstardiga vabaujumine (lisateavet leiate aadressilt <a href=\"https:\/\/www.proxcskiing.com\/et\/s%C3%BCndmus\/meeste-vabaaja-MM-Oslos-50-km-%C3%BChisstardist-v%C3%B5istlus\/\" target=\"_blank\" rel=\"noreferrer noopener nofollow\">SIIN<\/a>)<\/p>\n<ul class=\"wp-block-list\">\n<li>10:00 CET: 50 km \u00fchisstardist vabaujumine, mehed<\/li>\n<li>10:45 CET: 50 km \u00fchisstardist vabaujumine, naised<\/li>\n<\/ul>\n<p class=\"gt-block\">Loe edasi:\u00a0<a href=\"https:\/\/www.proxcskiing.com\/et\/traditsiooniline-suusatamine\/Murdmaasuusatamise-maailmameistriv%C3%B5istluste-kalender-2025.-ja-2026.-aasta-talvehooajaks\/\" target=\"_blank\" rel=\"noreferrer noopener nofollow\">Murdmaasuusatamise maailmameistriv\u00f5istlused: 2025\/2026 talvehooaja kalender<\/a><\/p>\n<p class=\"gt-block\">Lisateavet murdmaasuusatamise maailmameistriv\u00f5istluste kohta leiate\u00a0<a href=\"https:\/\/www.fis-ski.com\/cross-country\" target=\"_blank\" rel=\"noreferrer noopener nofollow\">SIIN<\/a><\/p>\n<p class=\"gt-block\">Kas olete huvitatud traditsioonilisest murdmaasuusatamisest? Kl\u00f5psake siin\u00a0<a href=\"https:\/\/www.proxcskiing.com\/et\/kategooria\/traditsiooniline-suusatamine\/\" target=\"_blank\" rel=\"noreferrer noopener nofollow\">SIIN<\/a>\u00a0ja loe selle kohta l\u00e4hemalt.<\/p>\n<p>ProXCskiing.com liikmena saate t\u00e4ieliku juurdep\u00e4\u00e4su kogu saidi sisule. Samuti otse\u00fclekanded Ski Classics \u00fcritused on saadaval ingliskeelsete kommentaaridega.<\/p>\n<p>Kui sinust saab osa \u00fchest maailma juhtivast murdmaasuusatamise kogukonnast, saad aastaringselt palju eksklusiivseid pakkumisi.<\/p>\n<p><a href=\"https:\/\/proxcskiing.com\/profile\/\" target=\"_blank\" rel=\"noreferrer noopener nofollow\"><img loading=\"lazy\" decoding=\"async\" width=\"1024\" height=\"313\" src=\"https:\/\/www.europesays.com\/ee\/wp-content\/uploads\/2026\/03\/Pro-XC-Skiing_WinterBanner_2024_980x300_EN-1024x313.png\" alt=\"Banner 2024\" class=\"wp-image-77122\"  \/><\/a><\/p>\n<p class=\"gt-block has-text-align-center\"><a href=\"https:\/\/proxcskiing.com\/profile\/\" target=\"_blank\" rel=\"noreferrer noopener nofollow\"><a href=\"https:\/\/proxcskiing.com\/profile\/\" target=\"_blank\" rel=\"noreferrer noopener nofollow\">REGISTREERU SIIN LIIKMEKS<\/a><\/p>\n","protected":false},"excerpt":{"rendered":"Drammeni maailmakarika sprindiv\u00f5istluse sprindifinaali p\u00e4\u00e4sesid 30 parimat suusatajat. Naiste sprindieels\u00f5idud algavad kell 16.30 Kesk-Euroopa aja j\u00e4rgi.\u00a0 Drammeni maailmakarika&hellip;\n","protected":false},"author":2,"featured_media":127411,"comment_status":"","ping_status":"","sticky":false,"template":"","format":"standard","meta":{"footnotes":"","_share_on_mastodon":"0"},"categories":[18],"tags":[58450,37,33,35,34,36,35584,159,158,12915,35585],"class_list":["post-127410","post","type-post","status-publish","format-standard","has-post-thumbnail","category-sport","tag-drammen","tag-ee","tag-eesti","tag-eesti-keel","tag-estonia","tag-estonian","tag-proxcskimine","tag-sport","tag-sports","tag-sprint","tag-world-cup"],"share_on_mastodon":{"url":"https:\/\/pubeurope.com\/@ee\/116216778231100015","error":""},"_links":{"self":[{"href":"https:\/\/www.europesays.com\/ee\/wp-json\/wp\/v2\/posts\/127410","targetHints":{"allow":["GET"]}}],"collection":[{"href":"https:\/\/www.europesays.com\/ee\/wp-json\/wp\/v2\/posts"}],"about":[{"href":"https:\/\/www.europesays.com\/ee\/wp-json\/wp\/v2\/types\/post"}],"author":[{"embeddable":true,"href":"https:\/\/www.europesays.com\/ee\/wp-json\/wp\/v2\/users\/2"}],"replies":[{"embeddable":true,"href":"https:\/\/www.europesays.com\/ee\/wp-json\/wp\/v2\/comments?post=127410"}],"version-history":[{"count":0,"href":"https:\/\/www.europesays.com\/ee\/wp-json\/wp\/v2\/posts\/127410\/revisions"}],"wp:featuredmedia":[{"embeddable":true,"href":"https:\/\/www.europesays.com\/ee\/wp-json\/wp\/v2\/media\/127411"}],"wp:attachment":[{"href":"https:\/\/www.europesays.com\/ee\/wp-json\/wp\/v2\/media?parent=127410"}],"wp:term":[{"taxonomy":"category","embeddable":true,"href":"https:\/\/www.europesays.com\/ee\/wp-json\/wp\/v2\/categories?post=127410"},{"taxonomy":"post_tag","embeddable":true,"href":"https:\/\/www.europesays.com\/ee\/wp-json\/wp\/v2\/tags?post=127410"}],"curies":[{"name":"wp","href":"https:\/\/api.w.org\/{rel}","templated":true}]}}