{"id":127494,"date":"2026-03-12T16:24:08","date_gmt":"2026-03-12T16:24:08","guid":{"rendered":"https:\/\/www.europesays.com\/ee\/127494\/"},"modified":"2026-03-12T16:24:08","modified_gmt":"2026-03-12T16:24:08","slug":"orban-tombas-el-i-ja-trumpi-haneks-ungari-jatkab-vene-nafta-ostmist-ja-soja-toetamist","status":"publish","type":"post","link":"https:\/\/www.europesays.com\/ee\/127494\/","title":{"rendered":"Orb\u00e1n t\u00f5mbas EL-i ja Trumpi haneks. Ungari j\u00e4tkab Vene nafta ostmist ja s\u00f5ja toetamist"},"content":{"rendered":"<p>Demokraatia uuringute keskus (Center for The Study of Democracy, CSD) avaldas veebruaris anal\u00fc\u00fcsi, mis n\u00e4itab, et Venemaa toornafta Ungarisse eksportimine on toonud Kremlile ainu\u00fcksi 2025. aastal igas kuus 85,8 miljonit eurot maavarade kaevandamise maksutulu. Seda kasutas Venemaa s\u00f5ja rahastamiseks. <\/p>\n<p class=\"p1\">Ungari v\u00e4itis 2022. aastal, et nende energiavarustus on ajalooliselt Vene toornaftast ja gaasist suuresti s\u00f5ltuvuses ning nad ei suuda tehnilistel, majanduslikel ja taristuga seotud p\u00f5hjustel oma s\u00f5ltuvust kiiresti v\u00e4hendada. <\/p>\n<p class=\"p1\">CSD uurimine aga n\u00e4itab, et Ungari ei ole \u00fcritanudki end Vene energiaallikaist eraldada. Vastupidi \u2013 p\u00e4rast 2022. aastal EL-ilt erandi saamist on ligi 16 aastat v\u00f5imul olnud Orb\u00e1ni valitsus Venemaa tarnetest s\u00f5ltumist suurendanud. Kui 2021. aastal moodustas Venemaa toornafta 61% Ungari koguimpordist, siis 2025. aastaks oli see osakaal juba 92,3%. <\/p>\n<p>Oled juba tellija?Logi sisse<\/p>\n<p><a href=\"https:\/\/www.delfi.ee\/artikkel\/120441701\/orban-tombas-el-i-ja-trumpi-haneks-ungari-jatkab-vene-nafta-ostmist-ja-soja-toetamist\/kommentaarid\" class=\"article-body-bottom__comment article-body-bottom__comment--write button button--primary button--size-auto\" rel=\"nofollow noopener\" target=\"_blank\"> Kommenteeri <\/a><a href=\"https:\/\/www.delfi.ee\/artikkel\/120441701\/orban-tombas-el-i-ja-trumpi-haneks-ungari-jatkab-vene-nafta-ostmist-ja-soja-toetamist\/kommentaarid\" class=\"article-body-bottom__comment article-body-bottom__comment--read button button--size-auto\" rel=\"nofollow noopener\" target=\"_blank\"> Loe kommentaare (22)<\/a><\/p>\n","protected":false},"excerpt":{"rendered":"Demokraatia uuringute keskus (Center for The Study of Democracy, CSD) avaldas veebruaris anal\u00fc\u00fcsi, mis n\u00e4itab, et Venemaa toornafta&hellip;\n","protected":false},"author":2,"featured_media":127495,"comment_status":"","ping_status":"","sticky":false,"template":"","format":"standard","meta":{"footnotes":"","_share_on_mastodon":"0"},"categories":[80],"tags":[26,27,2310,324,37,33,35,34,36,590,31,32,7228,21,28,29,95,58485,19,25,1350,107,23,24,116,262,22,118,57863,325,20,13106,2783,30,3796,92,93,94],"class_list":["post-127494","post","type-post","status-publish","format-standard","has-post-thumbnail","category-maailm","tag-breaking-news","tag-breakingnews","tag-bulgaaria","tag-donald-trump","tag-ee","tag-eesti","tag-eesti-keel","tag-estonia","tag-estonian","tag-euroopa-liit","tag-featured-news","tag-featurednews","tag-fidesz","tag-headlines","tag-latest-news","tag-latestnews","tag-maailm","tag-mol","tag-news","tag-populaarseimad-lood","tag-slovakkia","tag-soda-ukrainas","tag-top-stories","tag-topstories","tag-tsehhi","tag-ukraina","tag-uldised-uudised","tag-ungari","tag-ungari-valimised","tag-usa","tag-uudised","tag-vene-nafta","tag-venemaa-sanktsioonid","tag-viimased-uudised","tag-viktor-orban","tag-world","tag-world-news","tag-worldnews"],"share_on_mastodon":{"url":"","error":"Validation failed: Text character limit of 500 exceeded"},"_links":{"self":[{"href":"https:\/\/www.europesays.com\/ee\/wp-json\/wp\/v2\/posts\/127494","targetHints":{"allow":["GET"]}}],"collection":[{"href":"https:\/\/www.europesays.com\/ee\/wp-json\/wp\/v2\/posts"}],"about":[{"href":"https:\/\/www.europesays.com\/ee\/wp-json\/wp\/v2\/types\/post"}],"author":[{"embeddable":true,"href":"https:\/\/www.europesays.com\/ee\/wp-json\/wp\/v2\/users\/2"}],"replies":[{"embeddable":true,"href":"https:\/\/www.europesays.com\/ee\/wp-json\/wp\/v2\/comments?post=127494"}],"version-history":[{"count":0,"href":"https:\/\/www.europesays.com\/ee\/wp-json\/wp\/v2\/posts\/127494\/revisions"}],"wp:featuredmedia":[{"embeddable":true,"href":"https:\/\/www.europesays.com\/ee\/wp-json\/wp\/v2\/media\/127495"}],"wp:attachment":[{"href":"https:\/\/www.europesays.com\/ee\/wp-json\/wp\/v2\/media?parent=127494"}],"wp:term":[{"taxonomy":"category","embeddable":true,"href":"https:\/\/www.europesays.com\/ee\/wp-json\/wp\/v2\/categories?post=127494"},{"taxonomy":"post_tag","embeddable":true,"href":"https:\/\/www.europesays.com\/ee\/wp-json\/wp\/v2\/tags?post=127494"}],"curies":[{"name":"wp","href":"https:\/\/api.w.org\/{rel}","templated":true}]}}