{"id":127578,"date":"2026-03-12T18:06:07","date_gmt":"2026-03-12T18:06:07","guid":{"rendered":"https:\/\/www.europesays.com\/ee\/127578\/"},"modified":"2026-03-12T18:06:07","modified_gmt":"2026-03-12T18:06:07","slug":"apollo-avab-uksed-keilas-juba-maikuus","status":"publish","type":"post","link":"https:\/\/www.europesays.com\/ee\/127578\/","title":{"rendered":"Apollo avab uksed Keilas juba maikuus"},"content":{"rendered":"<p class=\"x_MsoNormal\">Kahe saali ja kokku 190 istekohaga Apollo kino paikneb Keila Keskuse teisel korrusel siseseikluspark Trampoliino k\u00f5rval. Harjumaa l\u00e4\u00e4neosa suurimas Apollo raamatupoe valikus on enam kui 10 000 raamatut. Keila Keskus on esimene etapp suuremast arendusest, kuhu on planeeritud mitmekesine ettev\u00f5tlus, sportimis- ja vaba aja veetmise v\u00f5imalused, keskv\u00e4ljak ning puhke- ja rohealad.<\/p>\n","protected":false},"excerpt":{"rendered":"Kahe saali ja kokku 190 istekohaga Apollo kino paikneb Keila Keskuse teisel korrusel siseseikluspark Trampoliino k\u00f5rval. Harjumaa l\u00e4\u00e4neosa&hellip;\n","protected":false},"author":2,"featured_media":127579,"comment_status":"","ping_status":"","sticky":false,"template":"","format":"standard","meta":{"footnotes":"","_share_on_mastodon":"0"},"categories":[12],"tags":[56646,5685,17889,26,27,37,33,35,34,36,31,32,21,56282,28,29,19,25,23,24,22,20,30],"class_list":["post-127578","post","type-post","status-publish","format-standard","has-post-thumbnail","category-eesti","tag-apollo-grupp","tag-apollo-kino","tag-apollo-raamatupood","tag-breaking-news","tag-breakingnews","tag-ee","tag-eesti","tag-eesti-keel","tag-estonia","tag-estonian","tag-featured-news","tag-featurednews","tag-headlines","tag-keila-keskus","tag-latest-news","tag-latestnews","tag-news","tag-populaarseimad-lood","tag-top-stories","tag-topstories","tag-uldised-uudised","tag-uudised","tag-viimased-uudised"],"share_on_mastodon":{"url":"https:\/\/pubeurope.com\/@ee\/116217537012293870","error":""},"_links":{"self":[{"href":"https:\/\/www.europesays.com\/ee\/wp-json\/wp\/v2\/posts\/127578","targetHints":{"allow":["GET"]}}],"collection":[{"href":"https:\/\/www.europesays.com\/ee\/wp-json\/wp\/v2\/posts"}],"about":[{"href":"https:\/\/www.europesays.com\/ee\/wp-json\/wp\/v2\/types\/post"}],"author":[{"embeddable":true,"href":"https:\/\/www.europesays.com\/ee\/wp-json\/wp\/v2\/users\/2"}],"replies":[{"embeddable":true,"href":"https:\/\/www.europesays.com\/ee\/wp-json\/wp\/v2\/comments?post=127578"}],"version-history":[{"count":0,"href":"https:\/\/www.europesays.com\/ee\/wp-json\/wp\/v2\/posts\/127578\/revisions"}],"wp:featuredmedia":[{"embeddable":true,"href":"https:\/\/www.europesays.com\/ee\/wp-json\/wp\/v2\/media\/127579"}],"wp:attachment":[{"href":"https:\/\/www.europesays.com\/ee\/wp-json\/wp\/v2\/media?parent=127578"}],"wp:term":[{"taxonomy":"category","embeddable":true,"href":"https:\/\/www.europesays.com\/ee\/wp-json\/wp\/v2\/categories?post=127578"},{"taxonomy":"post_tag","embeddable":true,"href":"https:\/\/www.europesays.com\/ee\/wp-json\/wp\/v2\/tags?post=127578"}],"curies":[{"name":"wp","href":"https:\/\/api.w.org\/{rel}","templated":true}]}}