{"id":127673,"date":"2026-03-12T20:40:10","date_gmt":"2026-03-12T20:40:10","guid":{"rendered":"https:\/\/www.europesays.com\/ee\/127673\/"},"modified":"2026-03-12T20:40:10","modified_gmt":"2026-03-12T20:40:10","slug":"priimagi-peeter-simmi-relvadeks-olid-ilumeel-ja-tugev-sotsiaalne-empaatia-film","status":"publish","type":"post","link":"https:\/\/www.europesays.com\/ee\/127673\/","title":{"rendered":"Priim\u00e4gi: Peeter Simmi relvadeks olid ilumeel ja tugev sotsiaalne empaatia | Film"},"content":{"rendered":"<p>Filmiajakirjanik Tristan Priim\u00e4gi \u00fctles, et Peeter Simm oli re\u017eiss\u00f6\u00f6r, kes julges v\u00f5tta riske.<\/p>\n<p>Priim\u00e4e s\u00f5nul oli Peeter Simm \u2013 nii nagu ka temast kirjutatud elulooraamatu pealkiri \u00fctleb \u2013 Eesti filmi partisan. &#8220;Mees, kes pidas alati oma \u00fchemehekaevikus\u00f5da, relvadeks visuaalne ilumeel ja v\u00e4ga tugev sotsiaalne empaatiav\u00f5ime,&#8221; lausus ta.<\/p>\n<p>Priim\u00e4gi t\u00f5i v\u00e4lja, et Simm t\u00f5i juba oma esimes filmis &#8220;Ideaalmaastik&#8221; (1980) hukkam\u00f5istuta sisse metsavendade teema. 1987. aasta filmis &#8220;Tants aurukatla \u00fcmber&#8221; hakkas ta k\u00e4sitlema k\u00fc\u00fcditamist ja kaks aastat hiljem v\u00f5ttis ta filmis &#8220;Inimene, keda polnud&#8221; luubi alla n\u00f5ukogude repressiooni.<\/p>\n<p>Tema s\u00f5nul oli Simm elluj\u00e4\u00e4ja. &#8220;Tulid rasked ajad, 90-ndad, uus riigikord. Ta tuli ikkagi sellest ka nii v\u00e4lja, et ta l\u00f5petas oma karj\u00e4\u00e4ri \u00fche oma elu parima filmiga &#8220;Vee peal&#8221;,&#8221; lausus ta. &#8220;Tal oli ka j\u00e4rgmine filmiprojekt t\u00f6\u00f6s. Nii palju kui ma sellega tutvuda sain, oli seegi v\u00e4ga paljulubav, aga n\u00fc\u00fcd seda filmi me n\u00fc\u00fcd kahjuks ei n\u00e4e. Aga eks siis proovime au sees hoida neid teisi, mida ta oma elu jooksul tegi.&#8221;<\/p>\n<p>Inimesena on Simm Priim\u00e4e s\u00f5nul heatahtlik, uudishimulik, heas m\u00f5ttes lapselik ja oskas asjadest vaimustuda. &#8220;Seda on tihti ka tema filmides n\u00e4ha, et ta vaimustub sellest, mida ta ekraanil n\u00e4eb, ja sellest filmimaagiast, mida ta suudab tekitada.&#8221;<\/p>\n<p>&#8220;Mulle tundus, et ta oli mingis m\u00f5ttes natukene ka hasartm\u00e4ngija hingega \u2013 v\u00f5ttis filmides riske, v\u00f5ib-olla ei olnud tihti l\u00f5puni kindel selles, mis ta teeb, aga usaldas oma vaistu, mis vahel oli \u00f5igustatud ja m\u00f5nes teisel puhul mitte. Aga selline suhtumine on minu silmis kindlasti austust v\u00e4\u00e4rt: see n\u00e4itab loomingulist v\u00f5i kunstilist l\u00e4henemist.&#8221;<\/p>\n","protected":false},"excerpt":{"rendered":"Filmiajakirjanik Tristan Priim\u00e4gi \u00fctles, et Peeter Simm oli re\u017eiss\u00f6\u00f6r, kes julges v\u00f5tta riske. Priim\u00e4e s\u00f5nul oli Peeter Simm&hellip;\n","protected":false},"author":2,"featured_media":127674,"comment_status":"","ping_status":"","sticky":false,"template":"","format":"standard","meta":{"footnotes":"","_share_on_mastodon":"0"},"categories":[12],"tags":[26,27,37,33,35,34,36,31,32,21,28,29,19,2362,25,23,24,6217,22,20,30],"class_list":["post-127673","post","type-post","status-publish","format-standard","has-post-thumbnail","category-eesti","tag-breaking-news","tag-breakingnews","tag-ee","tag-eesti","tag-eesti-keel","tag-estonia","tag-estonian","tag-featured-news","tag-featurednews","tag-headlines","tag-latest-news","tag-latestnews","tag-news","tag-peeter-simm","tag-populaarseimad-lood","tag-top-stories","tag-topstories","tag-tristan-priimagi","tag-uldised-uudised","tag-uudised","tag-viimased-uudised"],"share_on_mastodon":{"url":"https:\/\/pubeurope.com\/@ee\/116218142713880096","error":""},"_links":{"self":[{"href":"https:\/\/www.europesays.com\/ee\/wp-json\/wp\/v2\/posts\/127673","targetHints":{"allow":["GET"]}}],"collection":[{"href":"https:\/\/www.europesays.com\/ee\/wp-json\/wp\/v2\/posts"}],"about":[{"href":"https:\/\/www.europesays.com\/ee\/wp-json\/wp\/v2\/types\/post"}],"author":[{"embeddable":true,"href":"https:\/\/www.europesays.com\/ee\/wp-json\/wp\/v2\/users\/2"}],"replies":[{"embeddable":true,"href":"https:\/\/www.europesays.com\/ee\/wp-json\/wp\/v2\/comments?post=127673"}],"version-history":[{"count":0,"href":"https:\/\/www.europesays.com\/ee\/wp-json\/wp\/v2\/posts\/127673\/revisions"}],"wp:featuredmedia":[{"embeddable":true,"href":"https:\/\/www.europesays.com\/ee\/wp-json\/wp\/v2\/media\/127674"}],"wp:attachment":[{"href":"https:\/\/www.europesays.com\/ee\/wp-json\/wp\/v2\/media?parent=127673"}],"wp:term":[{"taxonomy":"category","embeddable":true,"href":"https:\/\/www.europesays.com\/ee\/wp-json\/wp\/v2\/categories?post=127673"},{"taxonomy":"post_tag","embeddable":true,"href":"https:\/\/www.europesays.com\/ee\/wp-json\/wp\/v2\/tags?post=127673"}],"curies":[{"name":"wp","href":"https:\/\/api.w.org\/{rel}","templated":true}]}}