{"id":127746,"date":"2026-03-12T22:53:11","date_gmt":"2026-03-12T22:53:11","guid":{"rendered":"https:\/\/www.europesays.com\/ee\/127746\/"},"modified":"2026-03-12T22:53:11","modified_gmt":"2026-03-12T22:53:11","slug":"ulevaade-%e2%9f%a9-iraani-varjatud-agendid-suurendavad-julgeolekuohtu-laaneriikides","status":"publish","type":"post","link":"https:\/\/www.europesays.com\/ee\/127746\/","title":{"rendered":"\u00dcLEVAADE \u27e9 Iraani varjatud agendid suurendavad julgeolekuohtu l\u00e4\u00e4neriikides"},"content":{"rendered":"<p>\u00abUinuvad agendid\u00bb on teistes riikides paiknevad spioonid v\u00f5i terroristid, kes v\u00f5ivad elada pealtn\u00e4ha tavap\u00e4rast elu, kuni saavad k\u00e4su tegutsemiseks.<\/p>\n<p>USA president Donald Trump kinnitas kolmap\u00e4eval, et teda on teavitatud Iraani uinuvate agentide viibimisest \u00dchendriikides. \u00abMe teame, kus enamik neist asub, me hoiame neil silma peal,\u00bb \u00fctles Trump ajakirjanikele.<\/p>\n<p>Fatwa USA vastu<\/p>\n<p>K\u00f5rgendatud julgeolekuoht puudutab ka Euroopat. Saksamaa parlamendi julgeolekukomisjoni esimees Marc Henrichmann hoiatas m\u00e4rtsi alguses, et v\u00e4listada ei saa Iraani vastumeetmeid, sealhulgas uinuvate agentide abil korraldatud r\u00fcnnakuid Euroopas.<\/p>\n<p>\u00abIraani re\u017eiim on minevikus korduvalt n\u00e4idanud, et paneb toime terrorit oma piiridest kaugemal,\u00bb \u00fctles Henrichmann ajalehele S\u00fcddeutsche Zeitung.<\/p>\n<p>Terrorir\u00fcnnakute t\u00f5en\u00e4osust suurendas see, et Khamenei tapmise j\u00e4rel v\u00e4ljastas k\u00f5rge \u0161iiavaimulik 1. m\u00e4rtsil fatwa p\u00fcha s\u00f5ja alustamiseks USA ja Iisraeli vastu, \u00f6eldes, et k\u00f5igi moslemite kohustus on maksta k\u00e4tte \u00abm\u00e4rtrivere eest\u00bb.<\/p>\n<p>V\u00e4ljaandega Euronews r\u00e4\u00e4kinud terrorismiuuringute ekspert Nicolas Stockhammer hindab, et ootamatute r\u00fcnnakute ja uinuvate agentide aktiveerimise t\u00f5en\u00e4osus on \u00fcsna suur.<\/p>\n<p>Stockhammer hoiatas, et fatwa v\u00e4ljakuulutamine on \u00abv\u00f5imalike r\u00fcnnakute hoogustaja\u00bb Euroopa vastu, mis v\u00f5ib m\u00f5jutada \u00abolemasolevaid v\u00f5rgustikke, s\u00fcmpatiseerijaid ja h\u00fcbriidtegutsejaid\u00bb.<\/p>\n<p>\u00abEi saa v\u00e4listada, et Iraan saadab inimesi \u00fcle maailma panema toime terrorir\u00fcnnakuid Iisraeli ja Ameerika rajatiste vastu,\u00bb \u00fctles ka Saksamaa politseiliidu juhataja Heiko Teggatz Euronewsile.<\/p>\n<p>Teiste paikade seas on potentsiaalselt k\u00f5rgendatud ohu all Euroopas asuvad s\u00f5jav\u00e4ebaasid, mida \u00dchendriigid on kasutanud r\u00fcnnakuteks Iraanile.<\/p>\n","protected":false},"excerpt":{"rendered":"\u00abUinuvad agendid\u00bb on teistes riikides paiknevad spioonid v\u00f5i terroristid, kes v\u00f5ivad elada pealtn\u00e4ha tavap\u00e4rast elu, kuni saavad k\u00e4su&hellip;\n","protected":false},"author":2,"featured_media":127747,"comment_status":"","ping_status":"","sticky":false,"template":"","format":"standard","meta":{"footnotes":"","_share_on_mastodon":"0"},"categories":[5],"tags":[587,26,27,37,33,35,34,36,112,31,32,21,1925,28,29,19,25,99,23,24,58539,22,20,30],"class_list":["post-127746","post","type-post","status-publish","format-standard","has-post-thumbnail","category-uldised-uudised","tag-ameerika-uhendriigid","tag-breaking-news","tag-breakingnews","tag-ee","tag-eesti","tag-eesti-keel","tag-estonia","tag-estonian","tag-euroopa","tag-featured-news","tag-featurednews","tag-headlines","tag-iraan","tag-latest-news","tag-latestnews","tag-news","tag-populaarseimad-lood","tag-terrorism","tag-top-stories","tag-topstories","tag-uinuvad-agendid","tag-uldised-uudised","tag-uudised","tag-viimased-uudised"],"share_on_mastodon":{"url":"https:\/\/pubeurope.com\/@ee\/116218665510945643","error":""},"_links":{"self":[{"href":"https:\/\/www.europesays.com\/ee\/wp-json\/wp\/v2\/posts\/127746","targetHints":{"allow":["GET"]}}],"collection":[{"href":"https:\/\/www.europesays.com\/ee\/wp-json\/wp\/v2\/posts"}],"about":[{"href":"https:\/\/www.europesays.com\/ee\/wp-json\/wp\/v2\/types\/post"}],"author":[{"embeddable":true,"href":"https:\/\/www.europesays.com\/ee\/wp-json\/wp\/v2\/users\/2"}],"replies":[{"embeddable":true,"href":"https:\/\/www.europesays.com\/ee\/wp-json\/wp\/v2\/comments?post=127746"}],"version-history":[{"count":0,"href":"https:\/\/www.europesays.com\/ee\/wp-json\/wp\/v2\/posts\/127746\/revisions"}],"wp:featuredmedia":[{"embeddable":true,"href":"https:\/\/www.europesays.com\/ee\/wp-json\/wp\/v2\/media\/127747"}],"wp:attachment":[{"href":"https:\/\/www.europesays.com\/ee\/wp-json\/wp\/v2\/media?parent=127746"}],"wp:term":[{"taxonomy":"category","embeddable":true,"href":"https:\/\/www.europesays.com\/ee\/wp-json\/wp\/v2\/categories?post=127746"},{"taxonomy":"post_tag","embeddable":true,"href":"https:\/\/www.europesays.com\/ee\/wp-json\/wp\/v2\/tags?post=127746"}],"curies":[{"name":"wp","href":"https:\/\/api.w.org\/{rel}","templated":true}]}}