{"id":127958,"date":"2026-03-13T08:02:12","date_gmt":"2026-03-13T08:02:12","guid":{"rendered":"https:\/\/www.europesays.com\/ee\/127958\/"},"modified":"2026-03-13T08:02:12","modified_gmt":"2026-03-13T08:02:12","slug":"heidy-purga-tuhistas-esinemise-jantsoni-restoranis-arimees-suudistab-ministri-hirmutamises-majaelanikke","status":"publish","type":"post","link":"https:\/\/www.europesays.com\/ee\/127958\/","title":{"rendered":"Heidy Purga t\u00fchistas esinemise Jantsoni restoranis. \u00c4rimees s\u00fc\u00fcdistab ministri hirmutamises majaelanikke"},"content":{"rendered":"<p><img decoding=\"async\" src=\"https:\/\/www.europesays.com\/ee\/wp-content\/uploads\/2026\/03\/d9bc265b-5d7e-45ee-957d-e3eed2c15364.jpg\" loading=\"lazy\" alt=\"KULTUURIMINISTER Heidy Purga.\"\/><\/p>\n<p>KULTUURIMINISTER Heidy Purga.<\/p>\n<p>FOTO: Renee Altrov<\/p>\n<p>Tallinna vanalinna restoranis Manna La Roosa reedeks v\u00e4lja kuulutatud \u00fcritus \u201eDisco Tallinn x Must Mesi\u201c, kus DJ rollis pidi \u00fcles astuma ka kultuuriminister <a rel=\"noopener nofollow\" target=\"_blank\" href=\"https:\/\/www.delfi.ee\/teema\/275\/heidy-purga\" tag-id=\"275\">Heidy Purga<\/a>, j\u00e4\u00e4b \u00e4ra. V\u00e4idetavalt loobus minister p\u00f5hjusel, et ei soovi osaleda \u00fcritusel, mis h\u00e4irib valju muusikaga k\u00f5rvalmaja elanikke \u2013 viimatimainitute ja koha \u00fche omaniku <a rel=\"noopener nofollow\" target=\"_blank\" href=\"https:\/\/www.delfi.ee\/teema\/24930185\/sten-erik-jantson\" tag-id=\"24930185\">Sten-Erik Jantsoni<\/a> sellest t\u00f5usnud konflikti kajastas mullu telesaade \u201ePealtn\u00e4gija\u201c.<\/p>\n","protected":false},"excerpt":{"rendered":"KULTUURIMINISTER Heidy Purga. FOTO: Renee Altrov Tallinna vanalinna restoranis Manna La Roosa reedeks v\u00e4lja kuulutatud \u00fcritus \u201eDisco Tallinn&hellip;\n","protected":false},"author":2,"featured_media":127959,"comment_status":"","ping_status":"","sticky":false,"template":"","format":"standard","meta":{"footnotes":"","_share_on_mastodon":"0"},"categories":[12],"tags":[26,27,37,33,35,33836,34,36,31,32,21,2265,28,29,19,25,25065,23,24,22,20,30],"class_list":["post-127958","post","type-post","status-publish","format-standard","has-post-thumbnail","category-eesti","tag-breaking-news","tag-breakingnews","tag-ee","tag-eesti","tag-eesti-keel","tag-elo-selirand","tag-estonia","tag-estonian","tag-featured-news","tag-featurednews","tag-headlines","tag-heidy-purga","tag-latest-news","tag-latestnews","tag-news","tag-populaarseimad-lood","tag-sten-erik-jantson","tag-top-stories","tag-topstories","tag-uldised-uudised","tag-uudised","tag-viimased-uudised"],"share_on_mastodon":{"url":"https:\/\/pubeurope.com\/@ee\/116220824415474012","error":""},"_links":{"self":[{"href":"https:\/\/www.europesays.com\/ee\/wp-json\/wp\/v2\/posts\/127958","targetHints":{"allow":["GET"]}}],"collection":[{"href":"https:\/\/www.europesays.com\/ee\/wp-json\/wp\/v2\/posts"}],"about":[{"href":"https:\/\/www.europesays.com\/ee\/wp-json\/wp\/v2\/types\/post"}],"author":[{"embeddable":true,"href":"https:\/\/www.europesays.com\/ee\/wp-json\/wp\/v2\/users\/2"}],"replies":[{"embeddable":true,"href":"https:\/\/www.europesays.com\/ee\/wp-json\/wp\/v2\/comments?post=127958"}],"version-history":[{"count":0,"href":"https:\/\/www.europesays.com\/ee\/wp-json\/wp\/v2\/posts\/127958\/revisions"}],"wp:featuredmedia":[{"embeddable":true,"href":"https:\/\/www.europesays.com\/ee\/wp-json\/wp\/v2\/media\/127959"}],"wp:attachment":[{"href":"https:\/\/www.europesays.com\/ee\/wp-json\/wp\/v2\/media?parent=127958"}],"wp:term":[{"taxonomy":"category","embeddable":true,"href":"https:\/\/www.europesays.com\/ee\/wp-json\/wp\/v2\/categories?post=127958"},{"taxonomy":"post_tag","embeddable":true,"href":"https:\/\/www.europesays.com\/ee\/wp-json\/wp\/v2\/tags?post=127958"}],"curies":[{"name":"wp","href":"https:\/\/api.w.org\/{rel}","templated":true}]}}