{"id":128003,"date":"2026-03-13T08:56:08","date_gmt":"2026-03-13T08:56:08","guid":{"rendered":"https:\/\/www.europesays.com\/ee\/128003\/"},"modified":"2026-03-13T08:56:08","modified_gmt":"2026-03-13T08:56:08","slug":"rootsi-rannikuvalve-pidas-kinni-arvatava-vene-varilaevastiku-tankeri","status":"publish","type":"post","link":"https:\/\/www.europesays.com\/ee\/128003\/","title":{"rendered":"Rootsi rannikuvalve pidas kinni arvatava Vene varilaevastiku tankeri"},"content":{"rendered":"<p>228-meetrist <a rel=\"noopener nofollow\" target=\"_blank\" href=\"https:\/\/www.delfi.ee\/teema\/96881879\/komoorid\" tag-id=\"96881879\">Komooride<\/a> lipu all olevat alust Sea Owl 1 kahtlustatakse selles, et see ei ole Rootsi rannikuvalve laevaregistris ja et see on vale lipu all. Alus on Euroopa Liidu sanktsioonide all, vahendab SVT Nyheter.<\/p>\n<p>\u201eRannikuvalve l\u00e4ks t\u00e4na \u00f5htul Rootsi territoriaalvetes teist korda n\u00e4dala jooksul kahtlustatava varilaevastiku aluse pardale,\u201c teatas Rootsi tsiviilkaitseminister Carl-Oskar Bohlin SVT-le.<\/p>\n<p>Tanker oli teel <a rel=\"noopener nofollow\" target=\"_blank\" href=\"https:\/\/www.delfi.ee\/teema\/3\/venemaa\" tag-id=\"3\">Venemaale<\/a>, teatas Rootsi rannikuvalve pressijuht Mattias Lindholm.<\/p>\n<p>Alustati eeluurimist merek\u00f5lblikkuse puudumise \u00fcle.<\/p>\n<p>Rannikuvalve operatiiv\u00fclema aset\u00e4itja Daniel Stenling \u00fctles, et laeva puuduj\u00e4\u00e4kide oht muu hulgas keskkonnale on suur, mist\u00f5ttu ei lubata sel edasi liikuda.<\/p>\n<p>6. m\u00e4rtsil v\u00f5ttis Rootsi rannikuvalve Trelleborgi l\u00e4hedal oma kontrolli alla laeva nimega Caffa. Selle kaptenit kahtlustatakse mitmes mere\u00f5iguse rikkumises ja v\u00f5ltsitud dokumendi kasutamises ning Rootsi transpordiamet kehtestas sellele rahvusvahelise kasutamiskeelu.<\/p>\n<p>Kuidas see lugu Sind end tundma pani? Saada <a href=\"https:\/\/www.delfi.ee\/artikkel\/120442047\/rootsi-rannikuvalve-pidas-kinni-arvatava-vene-varilaevastiku-tankeri\/kommentaarid\" class=\"article-body-bottom__comment article-body-bottom__comment--write button button--primary button--size-auto\" rel=\"nofollow noopener\" target=\"_blank\"> Kommenteeri <\/a><a href=\"https:\/\/www.delfi.ee\/artikkel\/120442047\/rootsi-rannikuvalve-pidas-kinni-arvatava-vene-varilaevastiku-tankeri\/kommentaarid\" class=\"article-body-bottom__comment article-body-bottom__comment--read button button--size-auto\" rel=\"nofollow noopener\" target=\"_blank\"> Loe kommentaare (2)<\/a><\/p>\n","protected":false},"excerpt":{"rendered":"228-meetrist Komooride lipu all olevat alust Sea Owl 1 kahtlustatakse selles, et see ei ole Rootsi rannikuvalve laevaregistris&hellip;\n","protected":false},"author":2,"featured_media":128004,"comment_status":"","ping_status":"","sticky":false,"template":"","format":"standard","meta":{"footnotes":"","_share_on_mastodon":"0"},"categories":[80],"tags":[26,27,37,33,35,34,36,590,31,32,21,31309,28,29,95,19,25,889,23,24,22,20,96,30,92,93,94],"class_list":["post-128003","post","type-post","status-publish","format-standard","has-post-thumbnail","category-maailm","tag-breaking-news","tag-breakingnews","tag-ee","tag-eesti","tag-eesti-keel","tag-estonia","tag-estonian","tag-euroopa-liit","tag-featured-news","tag-featurednews","tag-headlines","tag-komoorid","tag-latest-news","tag-latestnews","tag-maailm","tag-news","tag-populaarseimad-lood","tag-rootsi","tag-top-stories","tag-topstories","tag-uldised-uudised","tag-uudised","tag-venemaa","tag-viimased-uudised","tag-world","tag-world-news","tag-worldnews"],"share_on_mastodon":{"url":"https:\/\/pubeurope.com\/@ee\/116221036758734773","error":""},"_links":{"self":[{"href":"https:\/\/www.europesays.com\/ee\/wp-json\/wp\/v2\/posts\/128003","targetHints":{"allow":["GET"]}}],"collection":[{"href":"https:\/\/www.europesays.com\/ee\/wp-json\/wp\/v2\/posts"}],"about":[{"href":"https:\/\/www.europesays.com\/ee\/wp-json\/wp\/v2\/types\/post"}],"author":[{"embeddable":true,"href":"https:\/\/www.europesays.com\/ee\/wp-json\/wp\/v2\/users\/2"}],"replies":[{"embeddable":true,"href":"https:\/\/www.europesays.com\/ee\/wp-json\/wp\/v2\/comments?post=128003"}],"version-history":[{"count":0,"href":"https:\/\/www.europesays.com\/ee\/wp-json\/wp\/v2\/posts\/128003\/revisions"}],"wp:featuredmedia":[{"embeddable":true,"href":"https:\/\/www.europesays.com\/ee\/wp-json\/wp\/v2\/media\/128004"}],"wp:attachment":[{"href":"https:\/\/www.europesays.com\/ee\/wp-json\/wp\/v2\/media?parent=128003"}],"wp:term":[{"taxonomy":"category","embeddable":true,"href":"https:\/\/www.europesays.com\/ee\/wp-json\/wp\/v2\/categories?post=128003"},{"taxonomy":"post_tag","embeddable":true,"href":"https:\/\/www.europesays.com\/ee\/wp-json\/wp\/v2\/tags?post=128003"}],"curies":[{"name":"wp","href":"https:\/\/api.w.org\/{rel}","templated":true}]}}