{"id":128044,"date":"2026-03-13T09:49:07","date_gmt":"2026-03-13T09:49:07","guid":{"rendered":"https:\/\/www.europesays.com\/ee\/128044\/"},"modified":"2026-03-13T09:49:07","modified_gmt":"2026-03-13T09:49:07","slug":"viru-folk-oli-esimene-festival-kes-meid-broneeris","status":"publish","type":"post","link":"https:\/\/www.europesays.com\/ee\/128044\/","title":{"rendered":"Viru Folk oli esimene festival, kes meid broneeris!"},"content":{"rendered":"<p>Sandra, see mis praegu SADU-ga toimub, on enneolematu, aga alustame oma juttu hoopis kaugemalt ajaloost, Viru Folgi h\u00e4lli juurest. K\u00fcllap on lehelugejatel huvitav teada saada, et just sina olid esimene pretendent Viru Folgi programmijuhi kohale. See oli 2007. aasta 30. novembril, kui kutsusin K\u00e4smu Kirjanike majja kokku inimesed, kellega hakata festivali korraldama. Ja Viljandi folgi pealik Ando Kiviberg saatis sind kui tublit tudengit appi programmi kokku panema. Kui olid meie m\u00f5tted \u00e4ra kuulanud, loobusid sa sellest rollist. Kas m\u00e4letad veel, miks sa loobusid ja mis m\u00f5tted sul uue festivali osas tekkisid?<\/p>\n<p>Jaa, t\u00f5esti oli see minu esimene kokkupuude! Ma m\u00e4letan, et olin ikka v\u00e4ga v\u00e4ga uhke, et mind niimoodi soovitati ja minus sellist potentsiaali n\u00e4hti. Ma olin toona v\u00e4ga noor ja roheline ikkagi ja minu peas olid ainult must-valged lahendused. Aastatega on neid ebavajalikke nurki maha lihvitud k\u00fcll! \ud83d\ude42 Aga siis \u00fctlesin \u00e4ra sellep\u00e4rast, et teil olid juba mingid artistid, keda te kindlasti kavas tahtsite n\u00e4ha, aga ei kattunud minu maitsega. Toona oli ikka meri p\u00f5lvini ja minu maitse oli see \u00bb\u00f5ige\u00bb maitse. Ma ei suutnud m\u00f5elda laiemalt ja publiku seisukohalt, et mis tegelikult v\u00f5iks neile meeldida ja kui laiahaardeline v\u00f5iks see kava olla.<\/p>\n<p>Igatahes pole see veel sinu ainus seos Viru Folgi s\u00fcnnilooga, esimesel festivalil 2008. aastal 08.08 olid Sina ansambli Ro:Toro koosseisus \u00fcks nendest muusikutest, kes andsid Viru Folgi l\u00e4bi aegade k\u00f5ige esimese kontserdi, seda pealaval. Kas sul on see kontsert meeles, mingeid m\u00e4lestusi?<\/p>\n","protected":false},"excerpt":{"rendered":"Sandra, see mis praegu SADU-ga toimub, on enneolematu, aga alustame oma juttu hoopis kaugemalt ajaloost, Viru Folgi h\u00e4lli&hellip;\n","protected":false},"author":2,"featured_media":128045,"comment_status":"","ping_status":"","sticky":false,"template":"","format":"standard","meta":{"footnotes":"","_share_on_mastodon":"0"},"categories":[16],"tags":[37,33,58614,35,2649,173,34,36,14083,58612,5042,58616,58615,140,1093,5020,205,250,58613,12209],"class_list":["post-128044","post","type-post","status-publish","format-standard","has-post-thumbnail","category-meelelahutus","tag-ee","tag-eesti","tag-eesti-bandid","tag-eesti-keel","tag-eesti-muusika","tag-entertainment","tag-estonia","tag-estonian","tag-festival","tag-folkmuusika","tag-kasmu","tag-kasmu-metsalava","tag-kontserdid-eestis","tag-meelelahutus","tag-peep-veedla","tag-sadu","tag-sandra-sillamaa","tag-trad-attack","tag-viru-folgi-pealava","tag-viru-folk"],"share_on_mastodon":{"url":"https:\/\/pubeurope.com\/@ee\/116221245317371956","error":""},"_links":{"self":[{"href":"https:\/\/www.europesays.com\/ee\/wp-json\/wp\/v2\/posts\/128044","targetHints":{"allow":["GET"]}}],"collection":[{"href":"https:\/\/www.europesays.com\/ee\/wp-json\/wp\/v2\/posts"}],"about":[{"href":"https:\/\/www.europesays.com\/ee\/wp-json\/wp\/v2\/types\/post"}],"author":[{"embeddable":true,"href":"https:\/\/www.europesays.com\/ee\/wp-json\/wp\/v2\/users\/2"}],"replies":[{"embeddable":true,"href":"https:\/\/www.europesays.com\/ee\/wp-json\/wp\/v2\/comments?post=128044"}],"version-history":[{"count":0,"href":"https:\/\/www.europesays.com\/ee\/wp-json\/wp\/v2\/posts\/128044\/revisions"}],"wp:featuredmedia":[{"embeddable":true,"href":"https:\/\/www.europesays.com\/ee\/wp-json\/wp\/v2\/media\/128045"}],"wp:attachment":[{"href":"https:\/\/www.europesays.com\/ee\/wp-json\/wp\/v2\/media?parent=128044"}],"wp:term":[{"taxonomy":"category","embeddable":true,"href":"https:\/\/www.europesays.com\/ee\/wp-json\/wp\/v2\/categories?post=128044"},{"taxonomy":"post_tag","embeddable":true,"href":"https:\/\/www.europesays.com\/ee\/wp-json\/wp\/v2\/tags?post=128044"}],"curies":[{"name":"wp","href":"https:\/\/api.w.org\/{rel}","templated":true}]}}