{"id":128126,"date":"2026-03-13T11:09:07","date_gmt":"2026-03-13T11:09:07","guid":{"rendered":"https:\/\/www.europesays.com\/ee\/128126\/"},"modified":"2026-03-13T11:09:07","modified_gmt":"2026-03-13T11:09:07","slug":"budapesti-pangaroov-ungari-tagastas-konfiskeeritud-ukraina-pangaautod-raha-ja-kulda-aga-mitte-maailm-postimees-ee","status":"publish","type":"post","link":"https:\/\/www.europesays.com\/ee\/128126\/","title":{"rendered":"BUDAPESTI PANGAR\u00d6\u00d6V Ungari tagastas konfiskeeritud Ukraina pangaautod, raha ja kulda aga mitte &#8211; Maailm &#8211; Postimees.ee"},"content":{"rendered":"<ol>\n<li><a href=\"https:\/\/news.google.com\/rss\/articles\/CBMiyAFBVV95cUxQVzZzbldDMVNxUFRYZFlybThNMThkdzlSLXU0RjY2dzY1NnJXREVZTnJkRUpFVFpJeXM4bGZPZmxmby1Db0dSV2lybXhqLVdNUlJyX1duTk5UUUNUSGxNTkxUZHhDTi0wcTAzUDBUTFZrakxWYWd2cXd6ZlQxeHBFT0MyaDI4cmRqT1VONmlYQThfQ0xxX3pCTFM1NUtVRC1wQWYtVzFaVFc5LUJCcWtJNUNDeVRHclZyODhVTVk4VzNoSURkcm10Qg?oc=5\" target=\"_blank\" rel=\"nofollow noopener\">BUDAPESTI PANGAR\u00d6\u00d6V Ungari tagastas konfiskeeritud Ukraina pangaautod, raha ja kulda aga mitte<\/a>&nbsp;&nbsp;Maailm &#8211; Postimees.ee<\/li>\n<li><a href=\"https:\/\/news.google.com\/rss\/articles\/CBMimwFBVV95cUxQXzJwa3o1bkhxNlY5MThUeWstWVdHQkZGbzRPNTg2ZXd0amd3MEFtQTFPVUw0TEhxYnBfdTY1UHpkaUhGcWxWQTloQko4Vmd5c1g4NmlaVk50S2JSWXlGY1lQTGRvTFZ5RzBEdk1JQ29WajU0dF9IelNBbjhyQnU5bFVsclVJMVNLVEpaTzhtY2k2TDJHUzhDeXRKQQ?oc=5\" target=\"_blank\" rel=\"nofollow noopener\">Ukraina s\u00fc\u00fcdistab Ungarit seitsme pangat\u00f6\u00f6taja pantvangi v\u00f5tmises<\/a>&nbsp;&nbsp;ERR<\/li>\n<li><a href=\"https:\/\/news.google.com\/rss\/articles\/CBMifEFVX3lxTE9LMEU2T0JMNVMyaU5vT3Jiank4Z3pqMno1OFBBOEI2T3FwVGlqd3pDQzJULVI5SjZjMWhEejhUMjhBT0Vnb0ZyaWhFUVF5eUZ3OXJoT0tuYlRsYmNhdHNXd2N2bzF5cXZkQkRBLXk5NlFwYkljS2Y0NkRsMk8?oc=5\" target=\"_blank\" rel=\"nofollow noopener\">Ungaris peeti kinni Ukraina konvoi raha ja kullaga<\/a>&nbsp;&nbsp;Objektiiv<\/li>\n<li><a href=\"https:\/\/news.google.com\/rss\/articles\/CBMixgFBVV95cUxNbER6Z2Z5VE0tTW1jbjBpd2VCOFFPTDZIckxuNUExMmI5cTU3RndlMGlxSXBtajFxWlhqQW55MkR1bWN0TkhVTHNyZl9pTWJEMFdfNDZ1VXlRdURNY0JkeEIwNS1HcmZXSmNwTlZRWG5DMTcydVBwWldOWU1ySzJEM3BQc2RQR3kwNURGUmtuNzE2bC1mbWhvbFlkTW02cGJXbTVjdHRvZ0dKUlIydjVvcFAxREZ2anU4SExvMTNPSTBoYWU3UlE?oc=5\" target=\"_blank\" rel=\"nofollow noopener\">S\u00d5JAP\u00c4EVIK (1472. p\u00e4ev) | K\u00f5ik m\u00e4ngu. Orb\u00e1n ehitab Ukrainast vaenlast vahendeid valimata<\/a>&nbsp;&nbsp;Eesti Ekspress<\/li>\n<li><a href=\"https:\/\/news.google.com\/rss\/articles\/CBMivgFBVV95cUxQWElGQWpFMmJGRW1EbTlFM0pUNEVVQ0prN2d5bEp1ZDRQYnlyWFNtN2VrSjI3UHFNRWhtRnhFYzQ5SGdoLVo3X1NOVldtV0JMZEtMM0Jadkx1bG9pdExUTXpkeW1WQjlHMmNKbDVKZkotNlh1bV8wWFg5QWxiaXQwMXQ4bk1MYXNSRmhYWjNXTUthUTJYNlp6dWNfci15c1BLYzVkRWhFUWVYR0dYQ1dOd3NYc0V3S2lyQlc1OVZ3?oc=5\" target=\"_blank\" rel=\"nofollow noopener\">Ungari p\u00fc\u00fcab rutakalt seadustada Ukraina riigipanga sularaha ja kulla konfiskeerimist<\/a>&nbsp;&nbsp;Maailm &#8211; Postimees.ee<\/li>\n<\/ol>\n","protected":false},"excerpt":{"rendered":"BUDAPESTI PANGAR\u00d6\u00d6V Ungari tagastas konfiskeeritud Ukraina pangaautod, raha ja kulda aga mitte&nbsp;&nbsp;Maailm &#8211; Postimees.ee Ukraina s\u00fc\u00fcdistab Ungarit seitsme&hellip;\n","protected":false},"author":2,"featured_media":127957,"comment_status":"","ping_status":"","sticky":false,"template":"","format":"standard","meta":{"footnotes":"","_share_on_mastodon":"0"},"categories":[80],"tags":[26,27,37,33,35,34,36,1948,31,32,21,3586,28,29,95,19,58583,25,3394,818,23,24,262,22,118,20,30,92,93,94],"class_list":["post-128126","post","type-post","status-publish","format-standard","has-post-thumbnail","category-maailm","tag-breaking-news","tag-breakingnews","tag-ee","tag-eesti","tag-eesti-keel","tag-estonia","tag-estonian","tag-euroopa-parlament","tag-featured-news","tag-featurednews","tag-headlines","tag-kuld","tag-latest-news","tag-latestnews","tag-maailm","tag-news","tag-ostsadbank","tag-populaarseimad-lood","tag-rahapesu","tag-sularaha","tag-top-stories","tag-topstories","tag-ukraina","tag-uldised-uudised","tag-ungari","tag-uudised","tag-viimased-uudised","tag-world","tag-world-news","tag-worldnews"],"share_on_mastodon":{"url":"https:\/\/pubeurope.com\/@ee\/116221559631009498","error":""},"_links":{"self":[{"href":"https:\/\/www.europesays.com\/ee\/wp-json\/wp\/v2\/posts\/128126","targetHints":{"allow":["GET"]}}],"collection":[{"href":"https:\/\/www.europesays.com\/ee\/wp-json\/wp\/v2\/posts"}],"about":[{"href":"https:\/\/www.europesays.com\/ee\/wp-json\/wp\/v2\/types\/post"}],"author":[{"embeddable":true,"href":"https:\/\/www.europesays.com\/ee\/wp-json\/wp\/v2\/users\/2"}],"replies":[{"embeddable":true,"href":"https:\/\/www.europesays.com\/ee\/wp-json\/wp\/v2\/comments?post=128126"}],"version-history":[{"count":0,"href":"https:\/\/www.europesays.com\/ee\/wp-json\/wp\/v2\/posts\/128126\/revisions"}],"wp:featuredmedia":[{"embeddable":true,"href":"https:\/\/www.europesays.com\/ee\/wp-json\/wp\/v2\/media\/127957"}],"wp:attachment":[{"href":"https:\/\/www.europesays.com\/ee\/wp-json\/wp\/v2\/media?parent=128126"}],"wp:term":[{"taxonomy":"category","embeddable":true,"href":"https:\/\/www.europesays.com\/ee\/wp-json\/wp\/v2\/categories?post=128126"},{"taxonomy":"post_tag","embeddable":true,"href":"https:\/\/www.europesays.com\/ee\/wp-json\/wp\/v2\/tags?post=128126"}],"curies":[{"name":"wp","href":"https:\/\/api.w.org\/{rel}","templated":true}]}}