{"id":128148,"date":"2026-03-13T11:31:16","date_gmt":"2026-03-13T11:31:16","guid":{"rendered":"https:\/\/www.europesays.com\/ee\/128148\/"},"modified":"2026-03-13T11:31:16","modified_gmt":"2026-03-13T11:31:16","slug":"poola-president-vetostas-eelnou-el-i-kaitselaenu-algatusega-uhinemiseks-valismaa","status":"publish","type":"post","link":"https:\/\/www.europesays.com\/ee\/128148\/","title":{"rendered":"Poola president vetostas eeln\u00f5u EL-i kaitselaenu algatusega \u00fchinemiseks | V\u00e4lismaa"},"content":{"rendered":"<p>Poola president Karol Nawrocki teatas neljap\u00e4eval, et ei allkirjasta seadust, mis lubaks riigil \u00fchineda Euroopa Liidu laenuinstrumendiga SAFE, mille kaudu saaksid liikmesriigid laenu oma s\u00f5jaliste v\u00f5imete arendamiseks.<\/p>\n<p>Eelmise valitsuskoalitsiooni toetatud rahvuslasest presidendi ja peaminister Donald Tuski Euroopa-meelse valitsuse vaheline konflikt 150 miljardi euro suuruse Euroopa julgeolekualgatuse \u00fcle on viimane n\u00e4ide s\u00fcgavatest lahkarvamustest, mis raskendavad poliitikakujundamist Poola k\u00f5rgeimal riigitasandil.<\/p>\n<p>SAFE on Euroopa Komisjoni v\u00e4lja pakutud finantsinstrument, mille kaudu saaksid liikmesriigid EL-i kaudu kuni 150 miljardi euro ulatuses laene oma kaitsev\u00f5imekusse investeerimiseks. Poola oleks SAFE-i suurim kasusaaja, kuna Reutersi andmeil saaks Varssavi selle mehhanismi kaudu laenata kuni 43,7 miljardit eurot. \u00a0<\/p>\n<p>&#8220;SAFE-mehhanism on tohutu v\u00e4lislaen, mis v\u00f5etakse 45 aastaks v\u00e4lisvaluutas ja mille intressikulud v\u00f5ivad ulatuda kuni 180 miljardi zlotini (42,1 miljardi euroni toim.),&#8221; \u00fctles Nawrocki televisioonis tehtud p\u00f6\u00f6rdumises. &#8220;Seega peavad poolakad laenu kahekordse v\u00e4\u00e4rtuse tagasi maksma, samal ajal kui l\u00e4\u00e4ne pangad ja finantsasutused saavad sellest kasu,&#8221; lisas president.<\/p>\n<p>Nawrocki m\u00e4rkis, et Br\u00fcssel v\u00f5ib tingimuslikkuse reeglite rakendamisega rahaliste vahendite v\u00e4ljamaksmise SAFE-i kaudu meelevaldselt peatada, piirates seel\u00e4bi Poola suver\u00e4\u00e4nsust, ning seadis kahtluse alla selle p\u00f5hiseadusp\u00e4rasuse.<\/p>\n<p>&#8220;Poola julgeolek ei saa s\u00f5ltuda v\u00e4lismaistest otsustest,&#8221; \u00fctles ta.<\/p>\n<p>Nawrockit toetav endine v\u00f5imupartei, praegu opositsioonis tegutsev Seadus ja \u00d5iglus (PiS) nimetas SAFE-i mehhanismi Saksamaa vanden\u00f5uks, et sekkuda Poola siseasjadesse, mis koormaks riiki v\u00f5lgadega ja piiraks selle paindlikkust relvaostude osas.<\/p>\n<p>Tuski valitsus \u00fctleb, et SAFE-i pakutav odav rahastamine on Poola julgeoleku jaoks h\u00e4davajalik, arvestades seda, kuidas valitsus tegeleb Venemaa kasvava ohu t\u00f5rjumiseks valmistumisega.<\/p>\n<p>&#8220;President on kaotanud v\u00f5imaluse k\u00e4ituda patrioodina. H\u00e4bi!&#8221;, kirjutas Tusk X-is, lisades, et valitsus esitab oma vastuse reede hommikul toimuval erakorralisel ministrite n\u00f5ukogul.<\/p>\n<p>Nawrocki ja keskpanga juht Adam Glapinski on pakkunud v\u00e4lja alternatiivi, mis h\u00f5lmaks Poola riigipanga kullavarude kasvava v\u00e4\u00e4rtusega tekkinud kasumi kasutamist s\u00f5jaliste kulutuste rahastamiseks.<\/p>\n<p>Oma p\u00f6\u00f6rdumises kutsus Nawrocki valitsust \u00fcles tegema koost\u00f6\u00f6d alternatiivse, riikliku ettepaneku osas.<\/p>\n<p>Glapinski s\u00f5nul on valitsus aga nende ettepaneku vastu v\u00e4ljendanud &#8220;nullhuvi&#8221;. Suure t\u00f5en\u00e4osusega Poola parlament, kus Tuski koalitsioonil on enamus, Nawrocki esitatud seaduseeln\u00f5u heaks ei kiida.<\/p>\n<p>Valitsus on varem \u00f6elnud, et valmistab ette varuplaani, mis v\u00f5imaldaks Poolal endiselt SAFE-i fondidele ligi p\u00e4\u00e4seda, kuid t\u00e4psemaid \u00fcksikasju pole avaldatud.<\/p>\n","protected":false},"excerpt":{"rendered":"Poola president Karol Nawrocki teatas neljap\u00e4eval, et ei allkirjasta seadust, mis lubaks riigil \u00fchineda Euroopa Liidu laenuinstrumendiga SAFE,&hellip;\n","protected":false},"author":2,"featured_media":128149,"comment_status":"","ping_status":"","sticky":false,"template":"","format":"standard","meta":{"footnotes":"","_share_on_mastodon":"0"},"categories":[80],"tags":[26,27,2213,37,33,35,34,36,31,32,21,3228,7230,28,29,95,19,58657,25,36829,23,24,22,20,1933,30,92,93,94],"class_list":["post-128148","post","type-post","status-publish","format-standard","has-post-thumbnail","category-maailm","tag-breaking-news","tag-breakingnews","tag-donald-tusk","tag-ee","tag-eesti","tag-eesti-keel","tag-estonia","tag-estonian","tag-featured-news","tag-featurednews","tag-headlines","tag-kaitsekulud","tag-karol-nawrocki","tag-latest-news","tag-latestnews","tag-maailm","tag-news","tag-poola-sisepoliitika","tag-populaarseimad-lood","tag-safe","tag-top-stories","tag-topstories","tag-uldised-uudised","tag-uudised","tag-vene-oht","tag-viimased-uudised","tag-world","tag-world-news","tag-worldnews"],"share_on_mastodon":{"url":"https:\/\/pubeurope.com\/@ee\/116221646253853911","error":""},"_links":{"self":[{"href":"https:\/\/www.europesays.com\/ee\/wp-json\/wp\/v2\/posts\/128148","targetHints":{"allow":["GET"]}}],"collection":[{"href":"https:\/\/www.europesays.com\/ee\/wp-json\/wp\/v2\/posts"}],"about":[{"href":"https:\/\/www.europesays.com\/ee\/wp-json\/wp\/v2\/types\/post"}],"author":[{"embeddable":true,"href":"https:\/\/www.europesays.com\/ee\/wp-json\/wp\/v2\/users\/2"}],"replies":[{"embeddable":true,"href":"https:\/\/www.europesays.com\/ee\/wp-json\/wp\/v2\/comments?post=128148"}],"version-history":[{"count":0,"href":"https:\/\/www.europesays.com\/ee\/wp-json\/wp\/v2\/posts\/128148\/revisions"}],"wp:featuredmedia":[{"embeddable":true,"href":"https:\/\/www.europesays.com\/ee\/wp-json\/wp\/v2\/media\/128149"}],"wp:attachment":[{"href":"https:\/\/www.europesays.com\/ee\/wp-json\/wp\/v2\/media?parent=128148"}],"wp:term":[{"taxonomy":"category","embeddable":true,"href":"https:\/\/www.europesays.com\/ee\/wp-json\/wp\/v2\/categories?post=128148"},{"taxonomy":"post_tag","embeddable":true,"href":"https:\/\/www.europesays.com\/ee\/wp-json\/wp\/v2\/tags?post=128148"}],"curies":[{"name":"wp","href":"https:\/\/api.w.org\/{rel}","templated":true}]}}