{"id":128304,"date":"2026-03-13T14:28:07","date_gmt":"2026-03-13T14:28:07","guid":{"rendered":"https:\/\/www.europesays.com\/ee\/128304\/"},"modified":"2026-03-13T14:28:07","modified_gmt":"2026-03-13T14:28:07","slug":"eesti-200-juhiks-kandideerib-ilmselt-vaid-kristina-kallas-eesti","status":"publish","type":"post","link":"https:\/\/www.europesays.com\/ee\/128304\/","title":{"rendered":"Eesti 200 juhiks kandideerib ilmselt vaid Kristina Kallas | Eesti"},"content":{"rendered":"<p>M\u00e4rtsi l\u00f5pus valitsuspartei Eesti 200 \u00fcldkogul kandideerib erakonna juhiks suure t\u00f5en\u00e4osusega vaid senine juht Kristina Kallas. Erakonna juhatusse ei p\u00fcrgi enam riigikogu liige Irja Lutsar.<\/p>\n<p>Eesti 200 juhatus otsustas konsensuslikult tuua juhatuse ja uue esimehe valimise augustist 29. m\u00e4rtsiks. Kavas on kolm puntki \u2013 esimehe valimine, juhatuse valimine ja l\u00fchiprogrammi kinnitamine.<\/p>\n<p>Eesti 200 juht ja haridusminister Kristina Kallas \u00fctles ERR-ile, et ta kandideerib partei juhiks ja praeguse seisuga on ta ka ainus kandidaat. &#8220;\u00dctlesin seda ka eile erakonna liikmetele,&#8221; m\u00e4rkis Kallas.<\/p>\n<p>Kas talle v\u00f5iks ka veel m\u00f5ni vastu kandidaat tekkida, selles Kallas l\u00f5puni kindel ei olnud. &#8220;V\u00f5ib-olla [regionaal- ja p\u00f5llumajandusminister Hendrik Johannes] Terras kandideerib,&#8221; \u00fctles Kallas.<\/p>\n<p>Terras ja Ja\u0161in\u00a0juhiks ei kandideeri<\/p>\n<p>2024. aastal esimehe valimistel Kallase vastu kandideerinud ja 172:57 kaotanud Terras \u00fctles, et seekord tal kandideerida plaanis ei ole.<\/p>\n<p>&#8220;Kristina Kallasel on erakonna esimehena mandaat ja toetus,&#8221; s\u00f5nas Terras. Veelgi enam, Terras ei plaani ka erakonna juhatusse kandideerida, keskendudes enda s\u00f5nul t\u00f6\u00f6le ministrina.<\/p>\n<p>Eesti 200 juhatuse pragune liige Aleksei Ja\u0161in \u00fctles, et Kallas kutsus teda oma meeskonda ja ta plaanib kandideerida erakonna juhatuse liikmeks. Kallase vastu esimeheks kandideerimist ei pidanud ta m\u00f5istlikuks, kuigi meedias on sellega spekuleeritud.<\/p>\n<p>&#8220;Me hindasime kollektiivselt, mis on k\u00f5ige targem, selles keerulises olukorras, milles erakond on ja v\u00f5imuv\u00f5itlus ei ole k\u00f5ige targem,&#8221; \u00fctles Ja\u0161in.<\/p>\n<p>Sander Udam, kes kuulub samuti Eesti 200 juhatusse, \u00fctles, et erakonnal on vaja juhti, kel on selge plaan ja visioon ning see v\u00f5ib olla vabalt Kristina Kallas.<\/p>\n<p>&#8220;V\u00f5ib vaadata, kes meil viimasel kolmel aastal on olnud esimehed, ja kelle juhtimisel on reiting t\u00f5usnud ja langenud ja kas need tingimused, mis meid 2023 edukaks tegid, kas neid on v\u00f5imalik korrata,&#8221; \u00fctles Udam.<\/p>\n<p>Kallase s\u00f5nul on ta veel mitme inimesega r\u00e4\u00e4kinud, et nad juhatusse kandideeriksid, kuid nende nimesid ta veel avaldada ei soovinud.<\/p>\n<p>Viimasest \u00fcldkogust saati on Eesti 200 ka oma p\u00f5hikirja muutnud ja juhatus suureneb kahe inimese v\u00f5rra. Kallase s\u00f5nul v\u00f5iksid juhatusse kandideerida veel riigikogu fraktsiooni ja valitsuse liikmed ning Tartu piirkonna juhid.<\/p>\n<p>Kallase s\u00f5nul ei soovi juhatuses j\u00e4tkata riigikogu liige Irja Lutsar ja ka Kristina Masen.<\/p>\n<p>Lutsar erakonnast ei lahku<\/p>\n<p>Lutsar \u00fctles ERR-ile, et tema hinnangul vajaks erakond uut juhatust, kes tuleks uue vaatega. &#8220;Mina reitinguga rahul ei ole ja mina juhatusse kandideerida ei plaani. Oleks uut hingamist vaja,&#8221; r\u00e4\u00e4kis Lutsar.<\/p>\n<p>Samas \u00fctles Lutsar, et erakonnast lahkuda ta ei plaani.<\/p>\n<p>Lisaks juhatuse valimisele on \u00fcldkogu p\u00e4evakorras l\u00fchiprogrammi kinnitamine, mida Ja\u0161in nimetab manifestiks ja Kallas maailmavaateliseks positsiooniks.<\/p>\n<p>&#8220;Erakondadel on praegu see hetk, kus nad p\u00f5hiseisukohti ja v\u00e4\u00e4rtuspositsioone avavad. Programmid valmivad aasta l\u00f5puks v\u00f5i j\u00e4rgmise alguseks,&#8221; \u00fctles Kallas.<\/p>\n<p>Tema s\u00f5nul r\u00f5hutab erakond p\u00f5hiseisukohtades \u00fcle, et on liberaalne erakond ja esindab liberaalset maailmavaadet.<\/p>\n<p>Udam \u00fctles, et arvestades konservatiivsete erakondade populaarsuse kasvuga, v\u00f5ib Eesti 200 tulemuse tegemine olla raske, sest keskkond on erinev.<\/p>\n<p>Ka Kallas \u00fctles, et konservatiivse populismi kasv teeb talle muret. &#8220;Opositsioonil on lihtne \u00f6elda, et langetame makse ja suurendame toetuseid, aga meie peame valitsusvastutust kandma,&#8221; m\u00e4rkis Kallas.<\/p>\n<p>Eesti 200 toetus on erinevate uuringufirmade k\u00fcsitlustes k\u00f5ikunud valdavalt vahemikus kaks kuni kolm protsenti ehk reiting on olnud pikka aega alla valimisk\u00fcnnise. Riigikogu valimised on veidi v\u00e4hem kui aasta p\u00e4rast 7. m\u00e4rtsil.<\/p>\n","protected":false},"excerpt":{"rendered":"M\u00e4rtsi l\u00f5pus valitsuspartei Eesti 200 \u00fcldkogul kandideerib erakonna juhiks suure t\u00f5en\u00e4osusega vaid senine juht Kristina Kallas. Erakonna juhatusse&hellip;\n","protected":false},"author":2,"featured_media":128305,"comment_status":"","ping_status":"","sticky":false,"template":"","format":"standard","meta":{"footnotes":"","_share_on_mastodon":"0"},"categories":[12],"tags":[1185,26,27,37,33,651,35,34,36,31,32,21,58722,8675,648,28,29,19,999,25,58721,23,24,22,20,670,1012,30],"class_list":["post-128304","post","type-post","status-publish","format-standard","has-post-thumbnail","category-eesti","tag-aleksei-jasin","tag-breaking-news","tag-breakingnews","tag-ee","tag-eesti","tag-eesti-200","tag-eesti-keel","tag-estonia","tag-estonian","tag-featured-news","tag-featurednews","tag-headlines","tag-hendrik-johann-terras","tag-irja-lutsar","tag-kristina-kallas","tag-latest-news","tag-latestnews","tag-news","tag-poliitika","tag-populaarseimad-lood","tag-sander-udam","tag-top-stories","tag-topstories","tag-uldised-uudised","tag-uudised","tag-valimised","tag-valitsus","tag-viimased-uudised"],"share_on_mastodon":{"url":"https:\/\/pubeurope.com\/@ee\/116222342206060768","error":""},"_links":{"self":[{"href":"https:\/\/www.europesays.com\/ee\/wp-json\/wp\/v2\/posts\/128304","targetHints":{"allow":["GET"]}}],"collection":[{"href":"https:\/\/www.europesays.com\/ee\/wp-json\/wp\/v2\/posts"}],"about":[{"href":"https:\/\/www.europesays.com\/ee\/wp-json\/wp\/v2\/types\/post"}],"author":[{"embeddable":true,"href":"https:\/\/www.europesays.com\/ee\/wp-json\/wp\/v2\/users\/2"}],"replies":[{"embeddable":true,"href":"https:\/\/www.europesays.com\/ee\/wp-json\/wp\/v2\/comments?post=128304"}],"version-history":[{"count":0,"href":"https:\/\/www.europesays.com\/ee\/wp-json\/wp\/v2\/posts\/128304\/revisions"}],"wp:featuredmedia":[{"embeddable":true,"href":"https:\/\/www.europesays.com\/ee\/wp-json\/wp\/v2\/media\/128305"}],"wp:attachment":[{"href":"https:\/\/www.europesays.com\/ee\/wp-json\/wp\/v2\/media?parent=128304"}],"wp:term":[{"taxonomy":"category","embeddable":true,"href":"https:\/\/www.europesays.com\/ee\/wp-json\/wp\/v2\/categories?post=128304"},{"taxonomy":"post_tag","embeddable":true,"href":"https:\/\/www.europesays.com\/ee\/wp-json\/wp\/v2\/tags?post=128304"}],"curies":[{"name":"wp","href":"https:\/\/api.w.org\/{rel}","templated":true}]}}