{"id":128397,"date":"2026-03-13T16:30:09","date_gmt":"2026-03-13T16:30:09","guid":{"rendered":"https:\/\/www.europesays.com\/ee\/128397\/"},"modified":"2026-03-13T16:30:09","modified_gmt":"2026-03-13T16:30:09","slug":"maris-lauri-pere-poliitikast-lahkumisest-ta-on-vaga-pikalt-moelnud-et-kuidas-ja-mida-edasi-teha","status":"publish","type":"post","link":"https:\/\/www.europesays.com\/ee\/128397\/","title":{"rendered":"Maris Lauri Pere poliitikast lahkumisest: ta on v\u00e4ga pikalt m\u00f5elnud, et kuidas ja mida edasi teha"},"content":{"rendered":"<p>Reformierakonna Tallinna piirkonna juht <a rel=\"noopener nofollow\" target=\"_blank\" href=\"https:\/\/www.delfi.ee\/teema\/65033140\/maris-lauri-0\" tag-id=\"65033140\">Maris Lauri<\/a> \u00fctles, et Pere lahkumine erakonnast oli ta enda valik. \u201eTa on v\u00e4ga pikalt m\u00f5elnud, ma tean, selle \u00fcle kuidas ja mida ta edasi teeb. Selge, et ta n\u00fc\u00fcd on selle otsuse langetanud, et ta erakonnas ei j\u00e4tka. Kindlasti v\u00f5tab tal palju aega ka tema pere, see on kasvanud, ja eelduslikult siis ka tulevased t\u00f6\u00f6d ja tegemised. Ka nendeks tuleb ju aega leida.\u201c <\/p>\n<p>Lauri nentis, et Pere lahkumine just t\u00e4na hommikul tuli talle talle \u00fcllatusena. \u201eMa tean, et ta m\u00f5tles pikalt ja meil oli pikki vestlusi erinevate asjade kohalt, et kuidas ta j\u00e4tkab ja ta m\u00f5tles oma asjade \u00fcle j\u00e4rgi.\u201c Pere kriitikas Michali osas \u00fctles Lauri, et igal inimesel on \u00f5igus oma arvamusele. \u201eSee on tema seisukoht.\u201c <\/p>\n<p>Oled juba tellija?Logi sisse<\/p>\n<p><a href=\"https:\/\/www.delfi.ee\/artikkel\/120442165\/maris-lauri-pere-poliitikast-lahkumisest-ta-on-vaga-pikalt-moelnud-et-kuidas-ja-mida-edasi-teha\/kommentaarid\" class=\"article-body-bottom__comment article-body-bottom__comment--write button button--primary button--size-auto\" rel=\"nofollow noopener\" target=\"_blank\"> Kommenteeri <\/a><a href=\"https:\/\/www.delfi.ee\/artikkel\/120442165\/maris-lauri-pere-poliitikast-lahkumisest-ta-on-vaga-pikalt-moelnud-et-kuidas-ja-mida-edasi-teha\/kommentaarid\" class=\"article-body-bottom__comment article-body-bottom__comment--read button button--size-auto\" rel=\"nofollow noopener\" target=\"_blank\"> Loe kommentaare (97)<\/a><\/p>\n","protected":false},"excerpt":{"rendered":"Reformierakonna Tallinna piirkonna juht Maris Lauri \u00fctles, et Pere lahkumine erakonnast oli ta enda valik. \u201eTa on v\u00e4ga&hellip;\n","protected":false},"author":2,"featured_media":128398,"comment_status":"","ping_status":"","sticky":false,"template":"","format":"standard","meta":{"footnotes":"","_share_on_mastodon":"0"},"categories":[5],"tags":[26,27,37,33,35,34,36,31,32,21,28,29,4221,19,27456,580,25,23,24,22,20,30],"class_list":["post-128397","post","type-post","status-publish","format-standard","has-post-thumbnail","category-uldised-uudised","tag-breaking-news","tag-breakingnews","tag-ee","tag-eesti","tag-eesti-keel","tag-estonia","tag-estonian","tag-featured-news","tag-featurednews","tag-headlines","tag-latest-news","tag-latestnews","tag-maris-lauri","tag-news","tag-onne-pillak","tag-partel-peeter-pere","tag-populaarseimad-lood","tag-top-stories","tag-topstories","tag-uldised-uudised","tag-uudised","tag-viimased-uudised"],"share_on_mastodon":{"url":"https:\/\/pubeurope.com\/@ee\/116222821868833044","error":""},"_links":{"self":[{"href":"https:\/\/www.europesays.com\/ee\/wp-json\/wp\/v2\/posts\/128397","targetHints":{"allow":["GET"]}}],"collection":[{"href":"https:\/\/www.europesays.com\/ee\/wp-json\/wp\/v2\/posts"}],"about":[{"href":"https:\/\/www.europesays.com\/ee\/wp-json\/wp\/v2\/types\/post"}],"author":[{"embeddable":true,"href":"https:\/\/www.europesays.com\/ee\/wp-json\/wp\/v2\/users\/2"}],"replies":[{"embeddable":true,"href":"https:\/\/www.europesays.com\/ee\/wp-json\/wp\/v2\/comments?post=128397"}],"version-history":[{"count":0,"href":"https:\/\/www.europesays.com\/ee\/wp-json\/wp\/v2\/posts\/128397\/revisions"}],"wp:featuredmedia":[{"embeddable":true,"href":"https:\/\/www.europesays.com\/ee\/wp-json\/wp\/v2\/media\/128398"}],"wp:attachment":[{"href":"https:\/\/www.europesays.com\/ee\/wp-json\/wp\/v2\/media?parent=128397"}],"wp:term":[{"taxonomy":"category","embeddable":true,"href":"https:\/\/www.europesays.com\/ee\/wp-json\/wp\/v2\/categories?post=128397"},{"taxonomy":"post_tag","embeddable":true,"href":"https:\/\/www.europesays.com\/ee\/wp-json\/wp\/v2\/tags?post=128397"}],"curies":[{"name":"wp","href":"https:\/\/api.w.org\/{rel}","templated":true}]}}