{"id":128423,"date":"2026-03-13T17:03:21","date_gmt":"2026-03-13T17:03:21","guid":{"rendered":"https:\/\/www.europesays.com\/ee\/128423\/"},"modified":"2026-03-13T17:03:21","modified_gmt":"2026-03-13T17:03:21","slug":"kaimas-on-kaks-ilusa-intressimaaraga-volakirjamuuki-2","status":"publish","type":"post","link":"https:\/\/www.europesays.com\/ee\/128423\/","title":{"rendered":"K\u00e4imas on kaks ilusa intressim\u00e4\u00e4raga v\u00f5lakirjam\u00fc\u00fcki"},"content":{"rendered":"<p>Samas on viimastel aastatel elavnenud ettev\u00f5tete v\u00f5lakirjade m\u00fc\u00fck ja noteerimine kas b\u00f6rsi v\u00f5i alternatiivturu v\u00f5lakirjade nimekirjas.<\/p>\n<p>T\u00f5si, L\u00e4tis ja Leedus on uute v\u00f5lakirjade pakkumine tunduvalt aktiivsem, aga l\u00f5unanaabritel on ka noteeritud v\u00f5lakirjade ajalugu m\u00e4rkimisv\u00e4\u00e4rselt pikem. Olid ju riigiv\u00f5lakirjad, mis on reeglina v\u00f5lakirjaturu arengu seisukohalt v\u00e4ga olulised, meil pikka aega sisuliselt tabuteema, aga L\u00e4ti ja Leedu valitsused m\u00fc\u00fcsid v\u00f5lakirju aktiivselt.<\/p>\n<p>Tallinna b\u00f6rsi ettev\u00f5tete v\u00f5lakirjade nimekirjas on noteeritud 26 v\u00e4\u00e4rtpaberit, neist kaheksa emiteeriti 2025. aastal ning neli 2024. aastal. Alternatiivturu First North v\u00f5lakirjanimekirjas on noteeritud \u00fcheksa v\u00f5lakirja, neist neli noteeriti eelmisel, kaks 2024. aastal ning \u00fclej\u00e4\u00e4nud v\u00f5lakirjad on vanemad.<\/p>\n<p>V\u00e4hemalt esialgu n\u00e4ib, et v\u00f5lakirjade avalikel pakkumisel pole hoog raugenud, sest praegu on k\u00e4imas neid kaks ja selle kuu alguses l\u00f5ppes Volta SKAI v\u00f5lakirjade avalik pakkumine.<\/p>\n<p>Meelelahutuskontsern Apollo Grupp pakub viieaastase lunastamist\u00e4htajaga v\u00f5lakirju intressim\u00e4\u00e4raga seitse protsenti aastas. Pakkumise maht on 50 miljonit eurot v\u00f5imalusega mahtu suurendada 70 miljoni euroni, mis teeb selle \u00fcheks suurema mahuga v\u00f5lakirjam\u00fc\u00fcgiks ilma riigiosalusega ettev\u00f5ttelt.<\/p>\n<p>V\u00f5lakirja nimiv\u00e4\u00e4rtus on 500 eurot. M\u00e4rkimine l\u00f5peb esmasp\u00e4eval 16. m\u00e4rtsil. Intresse hakkab ettev\u00f5te maksma kord kvartalis.<\/p>\n<p>Ettev\u00f5tte s\u00f5nul kasutatakse v\u00f5lakirjade m\u00fc\u00fcgist saadavat tulu uute asukohtade avamist ja uute kontseptsioonide arendamiseks ning kasvatada asukohtade arvu pea kahekordseks 300ni v\u00f5rrelduna praeguse 170-ga. Asukohtade all m\u00f5eldakse ilmselt kinosid, poode ja s\u00f6\u00f6gikohti. Kuuluvad ju gruppi m\u00f5ned tuntud ja m\u00f5ned v\u00e4hemtuntud br\u00e4ndid nagu Apollo Kino, Apollo raamatupood, Vapiano, KFC, Lido, My Sushi ja veel m\u00f5ned.<\/p>\n","protected":false},"excerpt":{"rendered":"Samas on viimastel aastatel elavnenud ettev\u00f5tete v\u00f5lakirjade m\u00fc\u00fck ja noteerimine kas b\u00f6rsi v\u00f5i alternatiivturu v\u00f5lakirjade nimekirjas. T\u00f5si, L\u00e4tis&hellip;\n","protected":false},"author":2,"featured_media":128424,"comment_status":"","ping_status":"","sticky":false,"template":"","format":"standard","meta":{"footnotes":"","_share_on_mastodon":"0"},"categories":[5],"tags":[56646,26,27,37,33,35,22956,34,36,31,32,21,3723,58785,40367,12928,28,29,114,115,16357,19,25,58784,7519,23,24,22,20,30,1887],"class_list":["post-128423","post","type-post","status-publish","format-standard","has-post-thumbnail","category-uldised-uudised","tag-apollo-grupp","tag-breaking-news","tag-breakingnews","tag-ee","tag-eesti","tag-eesti-keel","tag-eestis","tag-estonia","tag-estonian","tag-featured-news","tag-featurednews","tag-headlines","tag-intressimaar","tag-invego-grupp","tag-kristjan-thor-vahi","tag-laienemine","tag-latest-news","tag-latestnews","tag-lati","tag-leedu","tag-margus-linnamae","tag-news","tag-populaarseimad-lood","tag-rahavood","tag-tallinna-bors","tag-top-stories","tag-topstories","tag-uldised-uudised","tag-uudised","tag-viimased-uudised","tag-volakiri"],"share_on_mastodon":{"url":"https:\/\/pubeurope.com\/@ee\/116222951601176566","error":""},"_links":{"self":[{"href":"https:\/\/www.europesays.com\/ee\/wp-json\/wp\/v2\/posts\/128423","targetHints":{"allow":["GET"]}}],"collection":[{"href":"https:\/\/www.europesays.com\/ee\/wp-json\/wp\/v2\/posts"}],"about":[{"href":"https:\/\/www.europesays.com\/ee\/wp-json\/wp\/v2\/types\/post"}],"author":[{"embeddable":true,"href":"https:\/\/www.europesays.com\/ee\/wp-json\/wp\/v2\/users\/2"}],"replies":[{"embeddable":true,"href":"https:\/\/www.europesays.com\/ee\/wp-json\/wp\/v2\/comments?post=128423"}],"version-history":[{"count":0,"href":"https:\/\/www.europesays.com\/ee\/wp-json\/wp\/v2\/posts\/128423\/revisions"}],"wp:featuredmedia":[{"embeddable":true,"href":"https:\/\/www.europesays.com\/ee\/wp-json\/wp\/v2\/media\/128424"}],"wp:attachment":[{"href":"https:\/\/www.europesays.com\/ee\/wp-json\/wp\/v2\/media?parent=128423"}],"wp:term":[{"taxonomy":"category","embeddable":true,"href":"https:\/\/www.europesays.com\/ee\/wp-json\/wp\/v2\/categories?post=128423"},{"taxonomy":"post_tag","embeddable":true,"href":"https:\/\/www.europesays.com\/ee\/wp-json\/wp\/v2\/tags?post=128423"}],"curies":[{"name":"wp","href":"https:\/\/api.w.org\/{rel}","templated":true}]}}