{"id":128453,"date":"2026-03-13T17:36:29","date_gmt":"2026-03-13T17:36:29","guid":{"rendered":"https:\/\/www.europesays.com\/ee\/128453\/"},"modified":"2026-03-13T17:36:29","modified_gmt":"2026-03-13T17:36:29","slug":"pm-otepaal-%e2%9f%a9-karjaari-parima-tulemuse-teinud-siimer-seisis-seekord-kiusatustele-vastu-postimees-sport","status":"publish","type":"post","link":"https:\/\/www.europesays.com\/ee\/128453\/","title":{"rendered":"PM OTEP\u00c4\u00c4L \u27e9 Karj\u00e4\u00e4ri parima tulemuse teinud Siimer seisis seekord kiusatustele vastu &#8211; Postimees Sport"},"content":{"rendered":"<ol>\n<li><a href=\"https:\/\/news.google.com\/rss\/articles\/CBMiugFBVV95cUxPVXRMMnF2Z0RtY0MwYndXSk1RWXA5dFBNZnJJbUo0d1dwOW1BUlQ3MTd5Z09adU1laE9KSzgwOHZHWjgtR1Y4MDhqeTh6dnlyVTFlSXZRazkwVUNpa1c4c01lMFVLSXVybGhVQU9mMUVBQkJSbW9XYm93b0JvN1hUdDhkbTZJQkpOV0xrRVM3R2JnZmFFVFNfUEkzNVZUZ2MzZFM2VUxWMDdEZm9EMnVSVlZ3NjFObk1SelE?oc=5\" target=\"_blank\" rel=\"nofollow noopener\">PM OTEP\u00c4\u00c4L \u27e9 Karj\u00e4\u00e4ri parima tulemuse teinud Siimer seisis seekord kiusatustele vastu<\/a>&nbsp;&nbsp;Postimees Sport<\/li>\n<li><a href=\"https:\/\/news.google.com\/rss\/articles\/CBMiSkFVX3lxTE9iaGcwR2ZzRXFNdFFxd3NiUi1aSjNfTE5vR29zejdfc01YZjdwa1NxR2NvQmdocjZnNGJOaWw5MlFzcUxhNl9LUFZn?oc=5\" target=\"_blank\" rel=\"nofollow noopener\">BLOGI JA FOTOD | Kristo Siimer tegi Otep\u00e4\u00e4l MK-karj\u00e4\u00e4ri parima tulemuse<\/a>&nbsp;&nbsp;Delfi Sport<\/li>\n<li><a href=\"https:\/\/news.google.com\/rss\/articles\/CBMitgFBVV95cUxQU3hvbmZrWDlDV3JBR3BrLXJUcTljV0xzcXUzSUVVaXQ3UGhNaDRBSXFSN3ZEOFFPbndfb21JOXVQTmNJQVZMbHdLa0RnMC16Unk0dmhieUdFbzFqTVRJanZEenEzOVVieGJZRkd4VnA1SGpJRWR2X3lGT0U3aFZPV1I2a2t5T0ZaMV9Pd0V5WHZGMTVjTXlmM0txbHhIZzU5bXJLbllWdWl2Ql94eVl2TnFQX2VkZw?oc=5\" target=\"_blank\" rel=\"nofollow noopener\">Rene Zahkna kukkus Otep\u00e4\u00e4l pea veriseks: kurat, tahtsin nii v\u00e4ga j\u00e4litust s\u00f5ita!<\/a>&nbsp;&nbsp;\u00d5htuleht<\/li>\n<li><a href=\"https:\/\/news.google.com\/rss\/articles\/CBMiogFBVV95cUxQTkQzZUJFcGlDR1NPVDJWcGpJZmlLeWJBdzRueHBjblFXQlpqMy1Qd0xhaVh6QWRGcW56TU9jY2FjN3RwWG5uRjN4OVJkcW9sQXNwelJIeS03blg5cFlocldiRkJ5bTMtQ2RtNm1sTzBSOE9ObzJXUDJSSl82blVoTGVMeWNheng5Y3R1MlMtcGk4Vng5emdqYnY5SjJYOEdfRUE?oc=5\" target=\"_blank\" rel=\"nofollow noopener\">Laup\u00e4eval saab Otep\u00e4\u00e4l kohtuda Eesti laskesuusatamise legendidega<\/a>&nbsp;&nbsp;Postimees Sport<\/li>\n<li><a href=\"https:\/\/news.google.com\/rss\/articles\/CBMipgFBVV95cUxOYjVOYTFsQ3luRUZIYVdqazI2ckRzR0Vwd1E5clM5aXEwelhZT1UtU0c2ak8tYk9KOHAtNVAxYkh5Ui1DaHI5WldpSEFHOGhnSVhTRktwdDVzVEtmUUpDa204TG0yN0JlLVEtU1NHS0h5U0hrOTA1TGNVNEU0WVZRamhfZ1E5V3dTcXdVdGVtQWgxODJrRllmQ1doWHgxRGhzc3Ntb2d3?oc=5\" target=\"_blank\" rel=\"nofollow noopener\">PILDID: Otep\u00e4\u00e4 on laskesuusatamise maailmameistriv\u00f5istluste peaprooviks valmis<\/a>&nbsp;&nbsp;L\u00f5unaeestlane<\/li>\n<\/ol>\n","protected":false},"excerpt":{"rendered":"PM OTEP\u00c4\u00c4L \u27e9 Karj\u00e4\u00e4ri parima tulemuse teinud Siimer seisis seekord kiusatustele vastu&nbsp;&nbsp;Postimees Sport BLOGI JA FOTOD | Kristo&hellip;\n","protected":false},"author":2,"featured_media":128454,"comment_status":"","ping_status":"","sticky":false,"template":"","format":"standard","meta":{"footnotes":"","_share_on_mastodon":"0"},"categories":[5],"tags":[26,27,37,33,35,34,36,31,32,21,21559,28,29,19,58789,25,23,24,22,20,30],"class_list":["post-128453","post","type-post","status-publish","format-standard","has-post-thumbnail","category-uldised-uudised","tag-breaking-news","tag-breakingnews","tag-ee","tag-eesti","tag-eesti-keel","tag-estonia","tag-estonian","tag-featured-news","tag-featurednews","tag-headlines","tag-kristo-siimer","tag-latest-news","tag-latestnews","tag-news","tag-otepaa-mk","tag-populaarseimad-lood","tag-top-stories","tag-topstories","tag-uldised-uudised","tag-uudised","tag-viimased-uudised"],"share_on_mastodon":{"url":"https:\/\/pubeurope.com\/@ee\/116223081368627444","error":""},"_links":{"self":[{"href":"https:\/\/www.europesays.com\/ee\/wp-json\/wp\/v2\/posts\/128453","targetHints":{"allow":["GET"]}}],"collection":[{"href":"https:\/\/www.europesays.com\/ee\/wp-json\/wp\/v2\/posts"}],"about":[{"href":"https:\/\/www.europesays.com\/ee\/wp-json\/wp\/v2\/types\/post"}],"author":[{"embeddable":true,"href":"https:\/\/www.europesays.com\/ee\/wp-json\/wp\/v2\/users\/2"}],"replies":[{"embeddable":true,"href":"https:\/\/www.europesays.com\/ee\/wp-json\/wp\/v2\/comments?post=128453"}],"version-history":[{"count":0,"href":"https:\/\/www.europesays.com\/ee\/wp-json\/wp\/v2\/posts\/128453\/revisions"}],"wp:featuredmedia":[{"embeddable":true,"href":"https:\/\/www.europesays.com\/ee\/wp-json\/wp\/v2\/media\/128454"}],"wp:attachment":[{"href":"https:\/\/www.europesays.com\/ee\/wp-json\/wp\/v2\/media?parent=128453"}],"wp:term":[{"taxonomy":"category","embeddable":true,"href":"https:\/\/www.europesays.com\/ee\/wp-json\/wp\/v2\/categories?post=128453"},{"taxonomy":"post_tag","embeddable":true,"href":"https:\/\/www.europesays.com\/ee\/wp-json\/wp\/v2\/tags?post=128453"}],"curies":[{"name":"wp","href":"https:\/\/api.w.org\/{rel}","templated":true}]}}