{"id":128565,"date":"2026-03-13T20:06:05","date_gmt":"2026-03-13T20:06:05","guid":{"rendered":"https:\/\/www.europesays.com\/ee\/128565\/"},"modified":"2026-03-13T20:06:05","modified_gmt":"2026-03-13T20:06:05","slug":"jooksurajalt-ootamatult-elu-esimese-laskesuusatamise-mk-etapi-starti-debutant-kaljumae-minu-jaoks-oli-hooaeg-juba-labi-delfi-sport","status":"publish","type":"post","link":"https:\/\/www.europesays.com\/ee\/128565\/","title":{"rendered":"Jooksurajalt ootamatult elu esimese laskesuusatamise MK-etapi starti. Deb\u00fctant Kaljum\u00e4e: minu jaoks oli hooaeg juba l\u00e4bi &#8211; Delfi Sport"},"content":{"rendered":"<ol>\n<li><a href=\"https:\/\/news.google.com\/rss\/articles\/CBMi2wFBVV95cUxNQU4wS0ptUTNFY0d6WlJuaVJyMDVxcVRWVFRYNVZpQ2dWcTlrZ29SN1hjcGRqdzlXZlI3Z2FQQ0gyVWhRQTVQb2lXTEtVNV9TTFR4QTdsa3NabkdaQzZfZWhVUmxmNS02X1JqOVJEY2xodXBzZ05pSU83Mk9ZSzhLbXh6Rzk5RldfTTBRSXFtTEZ2TERSV2V4eFBtTTlSU0RKdTFNMDg0cTdNTkZIX1VpTUNIM2hWVmZ2bjBUbmpRUWV6bHl0d3pnTzBuTkl1aGRnVzVhMkFLY2RnZjQ?oc=5\" target=\"_blank\" rel=\"nofollow noopener\">Jooksurajalt ootamatult elu esimese laskesuusatamise MK-etapi starti. Deb\u00fctant Kaljum\u00e4e: minu jaoks oli hooaeg juba l\u00e4bi<\/a>&nbsp;&nbsp;Delfi Sport<\/li>\n<li><a href=\"https:\/\/news.google.com\/rss\/articles\/CBMikwFBVV95cUxPZmtMM19QdW5NNXNSOGhIMDB0TW9NcEJKcFdZejlVWGF1RDhkQ1RrRGVBVE9iSVg4VW5UaHkwemlkRmNDTGNsMVNiUUhPd0tOMUVSOTRfUV9jLURpN1NIVkNvR2ZHU0x4eEFVNWd3Y2tSSWRXeDZRVDVaTC1DWTl5M3UzbGU4eU9QZ0ZPRlduWE5qdzA?oc=5\" target=\"_blank\" rel=\"nofollow noopener\">Haigestunud Tomingase asemel l\u00e4heb reedel rajale Kaljum\u00e4e<\/a>&nbsp;&nbsp;sport | ERR<\/li>\n<li><a href=\"https:\/\/news.google.com\/rss\/articles\/CBMi6AFBVV95cUxOT1hkTTZhb09YTm51al9pVjRZQWpMOHpmRjcySFRYUGxVZXU5TlZld196Vzc0OE9zdXoxRmd0SkYySGNGR3AzMnRScEZTZzZiTFV0TTE2c3RBMkdEOWNnbXpVa3JWb2xoSzVkajNwYl9aQWhLUHBjcDlCY1AxcHZ2SkN1bEpMX3VLekVkZmd5VjAwZU1uWDBhUERaRHdHU3JPa3BzS3hhNzZleGJ1NG1RRVp6X1hDX3pKcFgyZHdjQmFCMHVYaU4yWGZIMGs0RGx6YVhrS1I3NmNhR0hwOHdyM0FYZ2lYNzV0?oc=5\" target=\"_blank\" rel=\"nofollow noopener\">Noore laskesuusataja uskumatu teekond jooksurajalt deb\u00fc\u00fcdini: Karel eile helistas ja kutsus tiiru paari pauku tegema<\/a>&nbsp;&nbsp;\u00d5htuleht<\/li>\n<li><a href=\"https:\/\/news.google.com\/rss\/articles\/CBMi5wFBVV95cUxORzg5MllOZ0ZaUnY5N2pQVV9wa1pqdzh4YTlob2JLS2NYem1ETzVPeFpKT0RoYnZUclB4ckJRcVNmWlQzYmJzb19ZZDBHaTRZUHIwMFVBTkpUbThaTVNXVy1KOTFVdV9ZZGZYMFNjd204VnBCTUtEQTVKSG5iMnpWd3llSFNYQUc0T25Cdlp0dDEwdVJKenZDLUtkQnBkTG9EODRHckJpdlR6QWtDSUlxQUwycWpOZmpUUHA1OXJKQkdXRzlQamt3b2pzb2QzN1ZfMERhdmpacmFUaXV1ckpWZURtMllleXM?oc=5\" target=\"_blank\" rel=\"nofollow noopener\">Tuuli Tomingas Otep\u00e4\u00e4 MK-l t\u00f5en\u00e4oliselt ei stardi. \u201eIlmselt kuulutame hooaja l\u00f5ppenuks, pole m\u00f5tet kummi venitada\u201c<\/a>&nbsp;&nbsp;Delfi Sport<\/li>\n<li><a href=\"https:\/\/news.google.com\/rss\/articles\/CBMirgFBVV95cUxQYjJDakdweUJMRDE2LXI3aVlRbTBjWmxLYU9FcVlFOGp0SEhsWG5YaFd4X0U3VERRTGx3TzVGTkdQcU5NSzJaTkN0QmJQUGNzVHV6V09fOWw5YWx1bnpKRUdQNE8walJfUUQ5VnczM3N0YU9fX0JRak9UUGxwQ1lNRWF3TGdVQXhPNWJ5QXZsWUhVRDZkclBoSVcyWlo1R2hOODhISURxTkgwQ3RXb2c?oc=5\" target=\"_blank\" rel=\"nofollow noopener\">HULL LUGU \u27e9 Haigestunud Tuuli Tomingas j\u00e4\u00e4b ilmselt Otep\u00e4\u00e4 MK-etapilt eemale<\/a>&nbsp;&nbsp;Postimees Sport<\/li>\n<\/ol>\n","protected":false},"excerpt":{"rendered":"Jooksurajalt ootamatult elu esimese laskesuusatamise MK-etapi starti. Deb\u00fctant Kaljum\u00e4e: minu jaoks oli hooaeg juba l\u00e4bi&nbsp;&nbsp;Delfi Sport Haigestunud Tomingase&hellip;\n","protected":false},"author":2,"featured_media":128566,"comment_status":"","ping_status":"","sticky":false,"template":"","format":"standard","meta":{"footnotes":"","_share_on_mastodon":"0"},"categories":[18],"tags":[37,33,35,34,36,20894,3532,22375,31601,21559,13200,51,159,158,6088,6087],"class_list":["post-128565","post","type-post","status-publish","format-standard","has-post-thumbnail","category-sport","tag-ee","tag-eesti","tag-eesti-keel","tag-estonia","tag-estonian","tag-johanna-taliharm","tag-julia-simon","tag-karel-viigipuu","tag-kretel-kaljumae","tag-kristo-siimer","tag-regina-ermits","tag-saksamaa","tag-sport","tag-sports","tag-susan-kulm","tag-tuuli-tomingas"],"share_on_mastodon":{"url":"https:\/\/pubeurope.com\/@ee\/116223671200097596","error":""},"_links":{"self":[{"href":"https:\/\/www.europesays.com\/ee\/wp-json\/wp\/v2\/posts\/128565","targetHints":{"allow":["GET"]}}],"collection":[{"href":"https:\/\/www.europesays.com\/ee\/wp-json\/wp\/v2\/posts"}],"about":[{"href":"https:\/\/www.europesays.com\/ee\/wp-json\/wp\/v2\/types\/post"}],"author":[{"embeddable":true,"href":"https:\/\/www.europesays.com\/ee\/wp-json\/wp\/v2\/users\/2"}],"replies":[{"embeddable":true,"href":"https:\/\/www.europesays.com\/ee\/wp-json\/wp\/v2\/comments?post=128565"}],"version-history":[{"count":0,"href":"https:\/\/www.europesays.com\/ee\/wp-json\/wp\/v2\/posts\/128565\/revisions"}],"wp:featuredmedia":[{"embeddable":true,"href":"https:\/\/www.europesays.com\/ee\/wp-json\/wp\/v2\/media\/128566"}],"wp:attachment":[{"href":"https:\/\/www.europesays.com\/ee\/wp-json\/wp\/v2\/media?parent=128565"}],"wp:term":[{"taxonomy":"category","embeddable":true,"href":"https:\/\/www.europesays.com\/ee\/wp-json\/wp\/v2\/categories?post=128565"},{"taxonomy":"post_tag","embeddable":true,"href":"https:\/\/www.europesays.com\/ee\/wp-json\/wp\/v2\/tags?post=128565"}],"curies":[{"name":"wp","href":"https:\/\/api.w.org\/{rel}","templated":true}]}}