{"id":128593,"date":"2026-03-13T20:42:07","date_gmt":"2026-03-13T20:42:07","guid":{"rendered":"https:\/\/www.europesays.com\/ee\/128593\/"},"modified":"2026-03-13T20:42:07","modified_gmt":"2026-03-13T20:42:07","slug":"kulma-talve-tottu-on-kruusateed-tanavu-auklikumad-eesti","status":"publish","type":"post","link":"https:\/\/www.europesays.com\/ee\/128593\/","title":{"rendered":"K\u00fclma talve t\u00f5ttu on kruusateed t\u00e4navu auklikumad | Eesti"},"content":{"rendered":"<p>Kevadekuulutajatena k\u00fclateedele ilmuvad massipiirangu m\u00e4rgid on t\u00f5estus sellest, et kevadine teede lagunemine on alanud. Kuna talv oli k\u00fclm ja m\u00f5nelgi pool k\u00fclmus teetamm l\u00e4bi, v\u00f5ib karta, et t\u00e4navu saavad kruusateed olema veelgi auklikumad kui m\u00f5nel varasemal aastal.<\/p>\n<p>T\u00fcri valla munitsipaalasutuse T\u00fcri Haldus juht Elari Hiis \u00fctles, et vallale kuuluvate kruusateede seisukord on praegu veel \u00fcsna hea.<\/p>\n<p>&#8220;Aga ma arvan, et teede lagunemise aeg v\u00f5ib veel ees olla, sest et teed on h\u00e4sti s\u00fcgavalt k\u00fclmunud,&#8221; lausus ta.<\/p>\n<p>&#8220;Tavaline s\u00f5iduauto ei jaksa teed \u00e4ra l\u00f5hkuda, kui seal ikka kruus peal on. Tavaliselt s\u00fc\u00fcdistatakse metsaveoautosid, aga t\u00f5si on see, et ka p\u00f5llumajandusettev\u00f5tted oma suurte traktorite ja raskete k\u00e4rudega on need, kes teid kasutavad, ja kui nad kasutavad, ju see siis ka m\u00f5jutab neid teid,&#8221; lisas Hiis.<\/p>\n<p>Nii T\u00fcri vallas kui ka J\u00e4rva vallas uusi massipiiranguid veel kehtestatud pole, kuid nagu \u00fctleb J\u00e4rva valla teede peaspetsialist Aivar Lainj\u00e4rv, on see aeg kindlasti veel ees.<\/p>\n<p>&#8220;V\u00f5ivad olla m\u00f5ned kohad, kus p\u00e4ike intensiivselt peale paistab, seal on juba \u00e4ra sulanud, aga praegu tundub siiski olema olukord selline, et on ainult kuni 10-sentimeetrine kiht sulanud, mis on vett t\u00e4is ja on k\u00fcll pehme, aga ma arvan, et hullem aeg on veel ees,&#8221; lausus Lainj\u00e4rv.<\/p>\n<p>&#8220;Praegu siin k\u00fcll eriti midagi ette v\u00f5tta ei saa, sest sellest ei oleks olulist kasu. Pigem kannatame selle paar n\u00e4dalat \u00e4ra ja j\u00e4lgime olukorda. Ja kui asi hullemaks l\u00e4heb, siis tuleb muidugi sekkuda ja n\u00e4iteks killustikku peale vedada,&#8221; lisas ta.<\/p>\n<p>Aga k\u00fclm talv t\u00f5i veel \u00fche suure mure \u2013 kohtades, kus asfalttee on olnud l\u00e4bi kaevatud, on tekkinud ohtlikud l\u00e4bivajumised. Seda ka n\u00e4iteks T\u00fcril ja S\u00e4reveres.<\/p>\n<p>&#8220;Tagasit\u00e4ide tehakse sellest, mis kas k\u00e4tte satub v\u00f5i t\u00e4idetakse lihtsalt kaevis killustikuga, mis on k\u00f5ige lihtsam. Aga mitte niiviisi, nagu taastamise normid ette n\u00e4evad. T\u00f5si on see, et see talv on h\u00e4sti karm olnud ja k\u00f5ik n\u00f5rgad kohad toonud v\u00e4ga reljeefselt v\u00e4lja. Reljeefselt s\u00f5na otseses m\u00f5ttes,&#8221; \u00fctles Hiis.<\/p>\n","protected":false},"excerpt":{"rendered":"Kevadekuulutajatena k\u00fclateedele ilmuvad massipiirangu m\u00e4rgid on t\u00f5estus sellest, et kevadine teede lagunemine on alanud. Kuna talv oli k\u00fclm&hellip;\n","protected":false},"author":2,"featured_media":128594,"comment_status":"","ping_status":"","sticky":false,"template":"","format":"standard","meta":{"footnotes":"","_share_on_mastodon":"0"},"categories":[12],"tags":[26,27,37,33,35,34,36,31,32,21,10715,28,29,19,25,15811,23,24,22,20,30],"class_list":["post-128593","post","type-post","status-publish","format-standard","has-post-thumbnail","category-eesti","tag-breaking-news","tag-breakingnews","tag-ee","tag-eesti","tag-eesti-keel","tag-estonia","tag-estonian","tag-featured-news","tag-featurednews","tag-headlines","tag-kruusateed","tag-latest-news","tag-latestnews","tag-news","tag-populaarseimad-lood","tag-teehooldus","tag-top-stories","tag-topstories","tag-uldised-uudised","tag-uudised","tag-viimased-uudised"],"share_on_mastodon":{"url":"https:\/\/pubeurope.com\/@ee\/116223812769718441","error":""},"_links":{"self":[{"href":"https:\/\/www.europesays.com\/ee\/wp-json\/wp\/v2\/posts\/128593","targetHints":{"allow":["GET"]}}],"collection":[{"href":"https:\/\/www.europesays.com\/ee\/wp-json\/wp\/v2\/posts"}],"about":[{"href":"https:\/\/www.europesays.com\/ee\/wp-json\/wp\/v2\/types\/post"}],"author":[{"embeddable":true,"href":"https:\/\/www.europesays.com\/ee\/wp-json\/wp\/v2\/users\/2"}],"replies":[{"embeddable":true,"href":"https:\/\/www.europesays.com\/ee\/wp-json\/wp\/v2\/comments?post=128593"}],"version-history":[{"count":0,"href":"https:\/\/www.europesays.com\/ee\/wp-json\/wp\/v2\/posts\/128593\/revisions"}],"wp:featuredmedia":[{"embeddable":true,"href":"https:\/\/www.europesays.com\/ee\/wp-json\/wp\/v2\/media\/128594"}],"wp:attachment":[{"href":"https:\/\/www.europesays.com\/ee\/wp-json\/wp\/v2\/media?parent=128593"}],"wp:term":[{"taxonomy":"category","embeddable":true,"href":"https:\/\/www.europesays.com\/ee\/wp-json\/wp\/v2\/categories?post=128593"},{"taxonomy":"post_tag","embeddable":true,"href":"https:\/\/www.europesays.com\/ee\/wp-json\/wp\/v2\/tags?post=128593"}],"curies":[{"name":"wp","href":"https:\/\/api.w.org\/{rel}","templated":true}]}}