{"id":128621,"date":"2026-03-13T21:38:11","date_gmt":"2026-03-13T21:38:11","guid":{"rendered":"https:\/\/www.europesays.com\/ee\/128621\/"},"modified":"2026-03-13T21:38:11","modified_gmt":"2026-03-13T21:38:11","slug":"prantsuse-laskesuusatamise-staar-voitis-otepaal-sprindivoistluse","status":"publish","type":"post","link":"https:\/\/www.europesays.com\/ee\/128621\/","title":{"rendered":"Prantsuse laskesuusatamise staar v\u00f5itis Otep\u00e4\u00e4l sprindiv\u00f5istluse"},"content":{"rendered":"<p>Laskesuusatamise maailmakarika hooaeg 2025\/2026 j\u00e4tkus t\u00e4na Otep\u00e4\u00e4l, Eestis, naiste 7.5 km sprindijooksuga. Vaata tulemusi.<\/p>\n<p>P\u00e4rast kindlat sooritust radadel ja lasketiirus kindlustas Prantsuse laskesuusataja Julia Simon endale sprindiv\u00f5idu Eestis.<\/p>\n<p>Otep\u00e4\u00e4l toimunud 7.5 km sprindijooksus saavutas esikoha prantslanna Julia Simon, kes l\u00f5petas ajaga 21:29.5 ja tegi puhta laskmise.<\/p>\n<p>Teisena l\u00f5petas itaallanna Lisa Vittozzi, j\u00e4\u00e4des v\u00f5itjast maha 2.9 sekundiga ja sooritades puhtaid laskmisi. Kolmandal kohal l\u00f5petas prantslanna Lou Jeanmonnot, j\u00e4\u00e4des v\u00f5itjast maha 22.9 sekundiga ja ilma \u00fchegi m\u00f6\u00f6dalasuta.<\/p>\n<p>Naiste 7.5 km sprint, 5 parimat<\/p>\n<ol start=\"1\" class=\"wp-block-list\">\n<li>Julia Simon (FRA), (0-0), 21:29.5<\/li>\n<li>Lisa Vittozzi (ITA), (0-0), +2.9<\/li>\n<li>Lou Jeanmonnot (FRA), (0-0), +22.9<\/li>\n<li>Janina Hettich-Walz (GER), (0-0), +24.6<\/li>\n<li>Oceane Michelon (FRA), (0-1), +39.0<\/li>\n<\/ol>\n<p class=\"gt-block\">T\u00e4ielikud tulemused leiate\u00a0<a href=\"https:\/\/www.proxcskiing.com\/et\/s%C3%BCndmus\/ibu-wc-otepaa-7-5-km-sprint-naised\/\" rel=\"nofollow noopener\" target=\"_blank\">SIIN<\/a><\/p>\n<p class=\"gt-block\">Samuti loe &#8211; <a href=\"https:\/\/www.proxcskiing.com\/et\/laskesuusatamine\/Biatloni-maailmameistriv%C3%B5istlused-2025-2026-Otep%C3%A4%C3%A4s%3A-t%C3%A4ielik-programm\/\" target=\"_blank\" rel=\"noreferrer noopener nofollow\">Laskesuusatamise maailmakarikav\u00f5istlused 2025\/2026: Otep\u00e4\u00e4 t\u00e4ielik programm<\/a><\/p>\n<p>FAKTID Otep\u00e4\u00e4 maailmameistriv\u00f5istluste hooaeg 2025\/2026<\/p>\n<p class=\"gt-block\">PROGRAMM<\/p>\n<p class=\"gt-block\">Neljap\u00e4ev, 12. m\u00e4rts: Meeste 10 km sprint (lisateavet leiate aadressilt <a href=\"https:\/\/www.proxcskiing.com\/et\/s%C3%BCndmus\/ibu-wc-otepaa-10-km-sprindi-mehed\/\" target=\"_blank\" rel=\"noreferrer noopener nofollow\">SIIN<\/a>)<\/p>\n<ul class=\"wp-block-list\">\n<li>15:15 CET: 10 km sprint, mehed<\/li>\n<\/ul>\n<p class=\"gt-block\">Reede, 13. m\u00e4rts: Naiste 7.5 km sprint (lisateavet leiate aadressilt <a href=\"https:\/\/www.proxcskiing.com\/et\/s%C3%BCndmus\/ibu-wc-otepaa-7-5-km-sprint-naised\/\" target=\"_blank\" rel=\"noreferrer noopener nofollow\">SIIN<\/a>)<\/p>\n<ul class=\"wp-block-list\">\n<li>15:15 CET: 7.5 km sprint, naised<\/li>\n<\/ul>\n<p class=\"gt-block\">Laup\u00e4ev, 7. m\u00e4rts: meeste 12.5 km j\u00e4lituss\u00f5it ja naiste 10 km j\u00e4lituss\u00f5it (lisateavet leiate aadressilt <a href=\"https:\/\/www.proxcskiing.com\/et\/s%C3%BCndmus\/ibu-wc-otepaa-10-12-5-km-j%C3%A4lituss%C3%B5it\/\" target=\"_blank\" rel=\"noreferrer noopener nofollow\">SIIN<\/a>)<\/p>\n<ul class=\"wp-block-list\">\n<li>13:30 CET: 12.5 km j\u00e4lituss\u00f5it, mehed<\/li>\n<li>16:00 CET: 10 km j\u00e4lituss\u00f5it, naised<\/li>\n<\/ul>\n<p class=\"gt-block\">P\u00fchap\u00e4ev, 8. m\u00e4rts: \u00dcks segav\u00f5istlus (M+N) ja segav\u00f5istlus (M+N) (lisateavet leiate aadressilt <a href=\"https:\/\/www.proxcskiing.com\/et\/s%C3%BCndmus\/ibu-wc-otep%C3%A4%C3%A4-segav%C3%B5istluse-wm\/\" target=\"_blank\" rel=\"noreferrer noopener nofollow\">SIIN<\/a> ja <a href=\"https:\/\/www.proxcskiing.com\/et\/s%C3%BCndmus\/ibu-wc-otep%C3%A4%C3%A4-segateatev%C3%B5istlus-MM\/\" target=\"_blank\" rel=\"noreferrer noopener nofollow\">SIIN<\/a>)<\/p>\n<ul class=\"wp-block-list\">\n<li>12:35 CET: Meeste ja naiste segav\u00f5istluste \u00fcksikv\u00f5istlus<\/li>\n<li>14:40 CET: Segateatev\u00f5istlus, mehed + naised<\/li>\n<\/ul>\n<p>P\u00e4rast Otep\u00e4\u00e4d (Eesti) l\u00f5petab laskesuusatamise maailmakarika 2025\/2026 hooaeg Oslo-Holmenkollenis (Norras).<\/p>\n<p class=\"gt-block\">Samuti loe &#8211; <a href=\"https:\/\/www.proxcskiing.com\/et\/laskesuusatamine\/Biatloni-maailmakarika-kalender-2025.-ja-2026.-aasta-talvehooajaks\/\" target=\"_blank\" rel=\"noreferrer noopener nofollow\">Laskesuusatamise maailmameistriv\u00f5istlused: 2025\/2026 talvehooaja kalender<\/a><\/p>\n<p class=\"gt-block\">Lisateavet laskesuusatamise maailmameistriv\u00f5istluste kohta leiate\u00a0<a href=\"https:\/\/www.biathlonworld.com\/\" target=\"_blank\" rel=\"noreferrer noopener nofollow\">SIIN<\/a><\/p>\n<p class=\"gt-block\">Kas olete huvitatud laskesuusatamisest? Kl\u00f5psake\u00a0<a href=\"https:\/\/www.proxcskiing.com\/et\/kategooria\/laskesuusatamine\/\" target=\"_blank\" rel=\"noreferrer noopener nofollow\">SIIN<\/a> ja loe selle kohta l\u00e4hemalt.<\/p>\n<p>ProXCskiing.com liikmena saate t\u00e4ieliku juurdep\u00e4\u00e4su kogu saidi sisule. Samuti otse\u00fclekanded Ski Classics \u00fcritused on saadaval ingliskeelsete kommentaaridega.<\/p>\n<p>Kui sinust saab osa \u00fchest maailma juhtivast murdmaasuusatamise kogukonnast, saad aastaringselt palju eksklusiivseid pakkumisi.<\/p>\n<p><a href=\"https:\/\/proxcskiing.com\/profile\/\" target=\"_blank\" rel=\"noreferrer noopener nofollow\"><img loading=\"lazy\" decoding=\"async\" width=\"1024\" height=\"313\" src=\"https:\/\/www.europesays.com\/ee\/wp-content\/uploads\/2026\/03\/Pro-XC-Skiing_WinterBanner_2024_980x300_EN-1024x313.png\" alt=\"Banner 2024\" class=\"wp-image-77122\"  \/><\/a><\/p>\n<p class=\"gt-block has-text-align-center\"><a href=\"https:\/\/proxcskiing.com\/profile\/\" target=\"_blank\" rel=\"noreferrer noopener nofollow\"><a href=\"https:\/\/proxcskiing.com\/profile\/\" target=\"_blank\" rel=\"noreferrer noopener nofollow\">REGISTREERU SIIN LIIKMEKS<\/a><\/p>\n","protected":false},"excerpt":{"rendered":"Laskesuusatamise maailmakarika hooaeg 2025\/2026 j\u00e4tkus t\u00e4na Otep\u00e4\u00e4l, Eestis, naiste 7.5 km sprindijooksuga. Vaata tulemusi. P\u00e4rast kindlat sooritust radadel&hellip;\n","protected":false},"author":2,"featured_media":128622,"comment_status":"","ping_status":"","sticky":false,"template":"","format":"standard","meta":{"footnotes":"","_share_on_mastodon":"0"},"categories":[12],"tags":[26,27,37,33,35,34,36,31,32,21,58557,2998,28,29,19,25,10303,35584,12915,23,24,22,20,30],"class_list":["post-128621","post","type-post","status-publish","format-standard","has-post-thumbnail","category-eesti","tag-breaking-news","tag-breakingnews","tag-ee","tag-eesti","tag-eesti-keel","tag-estonia","tag-estonian","tag-featured-news","tag-featurednews","tag-headlines","tag-kaepide","tag-laskesuusatamine","tag-latest-news","tag-latestnews","tag-news","tag-populaarseimad-lood","tag-prantsuse","tag-proxcskimine","tag-sprint","tag-top-stories","tag-topstories","tag-uldised-uudised","tag-uudised","tag-viimased-uudised"],"share_on_mastodon":{"url":"https:\/\/pubeurope.com\/@ee\/116224032955663089","error":""},"_links":{"self":[{"href":"https:\/\/www.europesays.com\/ee\/wp-json\/wp\/v2\/posts\/128621","targetHints":{"allow":["GET"]}}],"collection":[{"href":"https:\/\/www.europesays.com\/ee\/wp-json\/wp\/v2\/posts"}],"about":[{"href":"https:\/\/www.europesays.com\/ee\/wp-json\/wp\/v2\/types\/post"}],"author":[{"embeddable":true,"href":"https:\/\/www.europesays.com\/ee\/wp-json\/wp\/v2\/users\/2"}],"replies":[{"embeddable":true,"href":"https:\/\/www.europesays.com\/ee\/wp-json\/wp\/v2\/comments?post=128621"}],"version-history":[{"count":0,"href":"https:\/\/www.europesays.com\/ee\/wp-json\/wp\/v2\/posts\/128621\/revisions"}],"wp:featuredmedia":[{"embeddable":true,"href":"https:\/\/www.europesays.com\/ee\/wp-json\/wp\/v2\/media\/128622"}],"wp:attachment":[{"href":"https:\/\/www.europesays.com\/ee\/wp-json\/wp\/v2\/media?parent=128621"}],"wp:term":[{"taxonomy":"category","embeddable":true,"href":"https:\/\/www.europesays.com\/ee\/wp-json\/wp\/v2\/categories?post=128621"},{"taxonomy":"post_tag","embeddable":true,"href":"https:\/\/www.europesays.com\/ee\/wp-json\/wp\/v2\/tags?post=128621"}],"curies":[{"name":"wp","href":"https:\/\/api.w.org\/{rel}","templated":true}]}}