{"id":128625,"date":"2026-03-13T21:46:07","date_gmt":"2026-03-13T21:46:07","guid":{"rendered":"https:\/\/www.europesays.com\/ee\/128625\/"},"modified":"2026-03-13T21:46:07","modified_gmt":"2026-03-13T21:46:07","slug":"karistusloogist-ristnurka-lahirivaal-lopetas-st-pauli-kolmemangulise-kaotuseta-seeria-soccernet-ee","status":"publish","type":"post","link":"https:\/\/www.europesays.com\/ee\/128625\/","title":{"rendered":"Karistusl\u00f6\u00f6gist ristnurka! L\u00e4hirivaal l\u00f5petas St. Pauli kolmem\u00e4ngulise kaotuseta seeria &#8211; Soccernet.ee"},"content":{"rendered":"<p><img decoding=\"async\" src=\"https:\/\/www.europesays.com\/ee\/wp-content\/uploads\/2026\/03\/1773436239.jpg\" alt=\"St. Pauli kaotas v\u00f5\u00f5rsil M\u00f6nchengladbachile. Foto: Scanpix \/ picture alliance \/ WITTERS\"\/>&#13;\n<\/p>\n<p>Saksamaa k\u00f5rgliigas sai l\u00e4bi ilma vigastatud Karol Metsata m\u00e4nginud St. Pauli kolmem\u00e4nguline kaotuseta seeria, kui v\u00f5\u00f5rsil j\u00e4\u00e4di 0:2 alla M\u00f6nchengladbachi Borussiale.<\/p>\n<p>Sarnaselt St. Paulile Bundesligasse p\u00fcsimaj\u00e4\u00e4mise nimel v\u00f5itlev Gladbach asus m\u00e4ngu k\u00fcmmekond minutit enne avapoolaja l\u00f5ppu juhtima, kui Kevin St\u00f6ger keerutas palli umbes 25 meetrilt otse karistusl\u00f6\u00f6gist ristnurka. Karistusl\u00f6\u00f6gi p\u00f5hjustas St. Pauli keskkaitsja Eric Smith, kelle k\u00f5rgele sirutatud jalg tabas Gladbachi poolkaitsja Yannik Engelhardti n\u00e4gu. Teise poolaja keskel vormistas l\u00f5ppseisu\u00a0Franck Honorat, kes p\u00e4\u00e4ses karistusalast l\u00f6\u00f6gile ja pall lendas St. Pauli keskkaitsja\u00a0Adam Dzwigala jalast v\u00e4ravasse.&#13;\n<\/p>\n<p>St. Pauli j\u00e4tkab 18 meeskonna konkurentsis 16. kohal ehk siirduks praeguse seisuga \u00fcleminekum\u00e4ngudele. Rivaalidel on m\u00e4ng varuks, aga St. Pauli ei saa selle vooruga madalamale langeda, sest Wolfsburgi edestatakse nelja ja punast laternat Heidenheimi k\u00fcmne punktiga. Gladbach on St. Paulist teeninud neli punkti rohkem ja asub tihedas tabelis 12. kohal.&#13;\n<\/p>\n<p>32-aastane Mets puudus teist m\u00e4ngu j\u00e4rjest St. Pauli koosseisust. Ta j\u00e4ttis 28. veebruaril liigam\u00e4ngu Hoffenheimi vastu trauma t\u00f5ttu pooleli ja j\u00e4rgmisel p\u00e4eval selgus, et tal on s\u00e4\u00e4re alumises osas soleuse lihases mikrorebend. Eesti koondise kapten avaldas hiljuti Soccernet.ee-ga suheldes lootust, et ta naaseb p\u00e4rast m\u00e4rtsikuu koondisepausi St. Pauli eest v\u00e4ljakule.<\/p>\n<p>Enne koondisepausi on St. Paulil kavas \u00fcks kohtumine, kui 22. m\u00e4rtsil minnakse koduv\u00e4ljakul vastamisi Freiburgiga, kes paikneb tabelis kaheksandal kohal. \u00dclej\u00e4rgmine m\u00e4ng toimub 5. aprilli v\u00f5\u00f5rsil 11. kohal oleva Berliini Unioniga.&#13;<\/p>\n","protected":false},"excerpt":{"rendered":"&#13; Saksamaa k\u00f5rgliigas sai l\u00e4bi ilma vigastatud Karol Metsata m\u00e4nginud St. Pauli kolmem\u00e4nguline kaotuseta seeria, kui v\u00f5\u00f5rsil j\u00e4\u00e4di&hellip;\n","protected":false},"author":2,"featured_media":128626,"comment_status":"","ping_status":"","sticky":false,"template":"","format":"standard","meta":{"footnotes":"","_share_on_mastodon":"0"},"categories":[18],"tags":[527,37,33,35,34,36,5040,5176,1711,35159,51,1259,159,158,1002],"class_list":["post-128625","post","type-post","status-publish","format-standard","has-post-thumbnail","category-sport","tag-bundesliga","tag-ee","tag-eesti","tag-eesti-keel","tag-estonia","tag-estonian","tag-karol-mets","tag-mets","tag-monchengladbach","tag-monchengladbachi-borussi","tag-saksamaa","tag-saksamaa-korgliiga","tag-sport","tag-sports","tag-st-pauli"],"share_on_mastodon":{"url":"https:\/\/pubeurope.com\/@ee\/116224064642201843","error":""},"_links":{"self":[{"href":"https:\/\/www.europesays.com\/ee\/wp-json\/wp\/v2\/posts\/128625","targetHints":{"allow":["GET"]}}],"collection":[{"href":"https:\/\/www.europesays.com\/ee\/wp-json\/wp\/v2\/posts"}],"about":[{"href":"https:\/\/www.europesays.com\/ee\/wp-json\/wp\/v2\/types\/post"}],"author":[{"embeddable":true,"href":"https:\/\/www.europesays.com\/ee\/wp-json\/wp\/v2\/users\/2"}],"replies":[{"embeddable":true,"href":"https:\/\/www.europesays.com\/ee\/wp-json\/wp\/v2\/comments?post=128625"}],"version-history":[{"count":0,"href":"https:\/\/www.europesays.com\/ee\/wp-json\/wp\/v2\/posts\/128625\/revisions"}],"wp:featuredmedia":[{"embeddable":true,"href":"https:\/\/www.europesays.com\/ee\/wp-json\/wp\/v2\/media\/128626"}],"wp:attachment":[{"href":"https:\/\/www.europesays.com\/ee\/wp-json\/wp\/v2\/media?parent=128625"}],"wp:term":[{"taxonomy":"category","embeddable":true,"href":"https:\/\/www.europesays.com\/ee\/wp-json\/wp\/v2\/categories?post=128625"},{"taxonomy":"post_tag","embeddable":true,"href":"https:\/\/www.europesays.com\/ee\/wp-json\/wp\/v2\/tags?post=128625"}],"curies":[{"name":"wp","href":"https:\/\/api.w.org\/{rel}","templated":true}]}}