{"id":128676,"date":"2026-03-13T22:53:26","date_gmt":"2026-03-13T22:53:26","guid":{"rendered":"https:\/\/www.europesays.com\/ee\/128676\/"},"modified":"2026-03-13T22:53:26","modified_gmt":"2026-03-13T22:53:26","slug":"korteriuhistu-kulud-pohinevad-kokkulepetel","status":"publish","type":"post","link":"https:\/\/www.europesays.com\/ee\/128676\/","title":{"rendered":"Korteri\u00fchistu kulud p\u00f5hinevad kokkulepetel"},"content":{"rendered":"<p>\n                        Korteri\u00fchistu aruteludes kerkivad ikka ja j\u00e4lle esile samad k\u00fcsimused: kas remondifondi kogutud raha on kasum ja kas lifti eest peab maksma ka elanik, kes seda ei kasuta? Esimese korruse elanik uurib, miks tema peab tasuma katuse remondi eest, ning viimase korruse elanik k\u00fcsib omakorda, miks tema peab panustama keldri soojustamisse.<\/p>\n<p>                        <a class=\"modal\" rel=\"{handler: 'image'}\" href=\"https:\/\/www.europesays.com\/ee\/wp-content\/uploads\/2026\/03\/6b5219589f911251e23463a171005777_XL.jpg\" title=\"Pildi eelvaate n\u00e4gemiseks kliki\"><br \/>\n                            <img decoding=\"async\" src=\"https:\/\/www.europesays.com\/ee\/wp-content\/uploads\/2026\/03\/6b5219589f911251e23463a171005777_XL.jpg\" alt=\"Arrak Accounting O\u00dc juhatuse liige Mika Arrak\" style=\"height:auto;\"\/><br \/>\n                        <\/a><\/p>\n<p>\n                            Arrak Accounting O\u00dc juhatuse liige Mika Arrak<\/p>\n<p>                                Foto: RUP<\/p>\n<p>\n\t\t\t!\n\t\t<\/p>\n<p>\n\t\t\tViga audio faili laadimisel. Palun proovige hiljem uuesti.\n\t\t<\/p>\n<p>Need vaidlused ei ole erandlikud, vaid \u00fchistu igap\u00e4evaelu osa, t\u00f5deb ettev\u00f5tte <a href=\"https:\/\/arrakaccounting.ee\/\" target=\"_blank\" rel=\"nofollow noopener\">Arrak Accounting O\u00dc<\/a> juhatuse esimees Mika Arrak. V\u00e4ide \u201ema maksan liiga palju\u201c k\u00f5lab koosolekutel, trepikodades ja e-kirjavahetuses sagedamini kui arutelu selle \u00fcle, millises seisukorras maja tegelikult on ning mida tuleb teha, et see p\u00fcsiks elamisk\u00f5lblik ka aastak\u00fcmnete p\u00e4rast.<\/p>\n<p>Korteri\u00fchistu ei&#8230;<\/p>\n<p><br style=\"display: none;\"\/><\/p>\n<p>    Juurdep\u00e4\u00e4s k\u00e4esolevale materjalile on finants- ja \u00f5igusajakirja RUP tellijatel.<\/p>\n<p>      <a target=\"_blank\" class=\"closedcontent-caption__btn closedcontent-caption__btn--primary closedcontent-caption__btn--desktop\" href=\"#login-modal\" role=\"button\" data-toggle=\"sc-modal\">Logi sisse<\/a><\/p>\n<p>v\u00f5i<\/p>\n<p>      <a target=\"_blank\" class=\"closedcontent-caption__btn closedcontent-caption__btn--secondary\" href=\"https:\/\/www.rup.ee\/tellimine\/\" rel=\"nofollow noopener\">Vormista tellimus<\/a><\/p>\n","protected":false},"excerpt":{"rendered":"Korteri\u00fchistu aruteludes kerkivad ikka ja j\u00e4lle esile samad k\u00fcsimused: kas remondifondi kogutud raha on kasum ja kas lifti&hellip;\n","protected":false},"author":2,"featured_media":128677,"comment_status":"","ping_status":"","sticky":false,"template":"","format":"standard","meta":{"footnotes":"","_share_on_mastodon":"0"},"categories":[14],"tags":[131,58856,130,37,33,35,34,36,58854,2657,15226,58855],"class_list":["post-128676","post","type-post","status-publish","format-standard","has-post-thumbnail","category-ari","tag-ari","tag-arrak-accounting","tag-business","tag-ee","tag-eesti","tag-eesti-keel","tag-estonia","tag-estonian","tag-kokkulepped","tag-korteriuhistu","tag-kulud","tag-mika-arrak"],"share_on_mastodon":{"url":"https:\/\/pubeurope.com\/@ee\/116224327898073990","error":""},"_links":{"self":[{"href":"https:\/\/www.europesays.com\/ee\/wp-json\/wp\/v2\/posts\/128676","targetHints":{"allow":["GET"]}}],"collection":[{"href":"https:\/\/www.europesays.com\/ee\/wp-json\/wp\/v2\/posts"}],"about":[{"href":"https:\/\/www.europesays.com\/ee\/wp-json\/wp\/v2\/types\/post"}],"author":[{"embeddable":true,"href":"https:\/\/www.europesays.com\/ee\/wp-json\/wp\/v2\/users\/2"}],"replies":[{"embeddable":true,"href":"https:\/\/www.europesays.com\/ee\/wp-json\/wp\/v2\/comments?post=128676"}],"version-history":[{"count":0,"href":"https:\/\/www.europesays.com\/ee\/wp-json\/wp\/v2\/posts\/128676\/revisions"}],"wp:featuredmedia":[{"embeddable":true,"href":"https:\/\/www.europesays.com\/ee\/wp-json\/wp\/v2\/media\/128677"}],"wp:attachment":[{"href":"https:\/\/www.europesays.com\/ee\/wp-json\/wp\/v2\/media?parent=128676"}],"wp:term":[{"taxonomy":"category","embeddable":true,"href":"https:\/\/www.europesays.com\/ee\/wp-json\/wp\/v2\/categories?post=128676"},{"taxonomy":"post_tag","embeddable":true,"href":"https:\/\/www.europesays.com\/ee\/wp-json\/wp\/v2\/tags?post=128676"}],"curies":[{"name":"wp","href":"https:\/\/api.w.org\/{rel}","templated":true}]}}