{"id":128775,"date":"2026-03-14T06:16:20","date_gmt":"2026-03-14T06:16:20","guid":{"rendered":"https:\/\/www.europesays.com\/ee\/128775\/"},"modified":"2026-03-14T06:16:20","modified_gmt":"2026-03-14T06:16:20","slug":"iraagis-sai-droonirunnakus-surma-uks-ja-haavata-veel-mitu-prantsuse-sodurit-valismaa","status":"publish","type":"post","link":"https:\/\/www.europesays.com\/ee\/128775\/","title":{"rendered":"Iraagis sai droonir\u00fcnnakus surma \u00fcks ja haavata veel mitu Prantsuse s\u00f5durit | V\u00e4lismaa"},"content":{"rendered":"<p>Iraagi p\u00f5hjaosas Erbilis toimunud droonir\u00fcnnakus hukkus \u00fcks ja sai haavata veel mitu Prantsuse s\u00f5jav\u00e4elast.<\/p>\n<p>Prantsusmaa armee teatas neljap\u00e4eva \u00f5htul, et kuus Prantsuse s\u00f5durit, kes pakkusid piirkonnas terrorismivastast v\u00e4lja\u00f5pet, said droonir\u00fcnnakus haavata, hiljem teatati \u00fche s\u00f5jav\u00e4elase hukkumisest.<\/p>\n<p>Prantsusmaal on Erbili piirkonnas sadu s\u00f5dureid osana laiemast rahvusvahelisest koalitsioonist, et v\u00f5idelda piirkonnas islamistliku terroriorganisatsiooni Islamiriik (Daesh) v\u00f5itlejatega.<\/p>\n<p>Prantsuse president Emmanuel Macron m\u00f5istis r\u00fcnnaku hukka, \u00f6eldes sotsiaalmeedias tehtud postituses, et \u00fclemveebel Arnaud Frion suri Prantsusmaa eest ja lisas, et mitu Prantsuse s\u00f5durit on r\u00fcnnakus vigastada saanud.<\/p>\n<p>&#8220;See r\u00fcnnak meie v\u00e4gede vastu, kes on alates 2015. aastast v\u00f5idelnud Daeshiga, on vastuv\u00f5etamatu,&#8221; \u00fctles ta. &#8220;Nende (Prantsuse s\u00f5durite) kohalolek Iraagis on rangelt terrorismivastase v\u00f5itluse raamistikus. S\u00f5da Iraanis ei saa selliseid r\u00fcnnakuid \u00f5igustada.&#8221;<\/p>\n<blockquote class=\"twitter-tweet\">\n<p lang=\"fr\" dir=\"ltr\">L&#8217;adjudant-chef Arnaud Frion du 7\u00e8me bataillon de chasseurs alpins de Varces est mort pour la France lors d&#8217;une attaque dans la r\u00e9gion d&#8217;Erbil en Irak.<\/p>\n<p>\u00c0 sa famille, \u00e0 ses fr\u00e8res d&#8217;armes, je veux dire toute l&#8217;affection et la solidarit\u00e9 de la Nation.<\/p>\n<p>Plusieurs de nos militaires\u2026<\/p>\n<p>\u2014 Emmanuel Macron (@EmmanuelMacron) <a href=\"https:\/\/twitter.com\/EmmanuelMacron\/status\/2032254607695487354?ref_src=twsrc%5Etfw\" rel=\"nofollow noopener\" target=\"_blank\">March 13, 2026<\/a><\/p><\/blockquote>\n<p>Praegu pole veel selge, kes drooni v\u00e4lja lasi.<\/p>\n<p>Iraagi \u0161iiitide v\u00f5itlejad on sel n\u00e4dalal suurendanud drooni- ja raketir\u00fcnnakuid USA vastu Iraagis, teatasid kolm Iraagi julgeolekuallikat ja kaks r\u00fchmitustele l\u00e4hedast allikat.<\/p>\n<p>Erbili kuberner Omed Koshnaw \u00fctles avalduses, et droonir\u00fcnnak toimus Makhmouri piirkonnas.<\/p>\n<p>R\u00fcnnak Prantsuse \u00fcksuse vastu toimus vaid m\u00f5ni tund p\u00e4rast seda, kui samas piirkonnas sattus tule alla ka Itaalia baas.<\/p>\n<p>Itaalia kaitseministeeriumi teatel oli \u00f6ine \u00f5hur\u00fcnnak, mis tabas Itaalia s\u00f5jav\u00e4ebaasi Iraagi Kurdistanis, tahtlik, sihtm\u00e4rgiks NATO personali majutav rajatis.<\/p>\n<p><a href=\"https:\/\/www.err.ee\/1609962608\/prantsusmaa-saadab-liitlaste-kaitseks-itta-kummekond-sojalaeva\" target=\"_blank\" rel=\"noopener nofollow\">Prantsusmaa lubas esmasp\u00e4eval saata<\/a> Vahemerele, Punasele merele ja potentsiaalselt ka Hormuzi v\u00e4ina k\u00fcmmekond s\u00f5jalaeva, sealhulgas oma lennukikandjate r\u00fcnnakugrupi, osana kaitsetoetusest liitlastele, keda L\u00e4his-Ida konflikt ohustab.<\/p>\n<p><script async src=\"https:\/\/platform.twitter.com\/widgets.js\" charset=\"utf-8\"><\/script><\/p>\n","protected":false},"excerpt":{"rendered":"Iraagi p\u00f5hjaosas Erbilis toimunud droonir\u00fcnnakus hukkus \u00fcks ja sai haavata veel mitu Prantsuse s\u00f5jav\u00e4elast. Prantsusmaa armee teatas neljap\u00e4eva&hellip;\n","protected":false},"author":2,"featured_media":128776,"comment_status":"","ping_status":"","sticky":false,"template":"","format":"standard","meta":{"footnotes":"","_share_on_mastodon":"0"},"categories":[5],"tags":[26,27,884,37,33,35,34,36,31,32,21,4882,28,29,24857,19,25,58892,23,24,22,20,30],"class_list":["post-128775","post","type-post","status-publish","format-standard","has-post-thumbnail","category-uldised-uudised","tag-breaking-news","tag-breakingnews","tag-droonirunnak","tag-ee","tag-eesti","tag-eesti-keel","tag-estonia","tag-estonian","tag-featured-news","tag-featurednews","tag-headlines","tag-iraak","tag-latest-news","tag-latestnews","tag-macron","tag-news","tag-populaarseimad-lood","tag-prantsuse-sodurid","tag-top-stories","tag-topstories","tag-uldised-uudised","tag-uudised","tag-viimased-uudised"],"share_on_mastodon":{"url":"https:\/\/pubeurope.com\/@ee\/116226069954490721","error":""},"_links":{"self":[{"href":"https:\/\/www.europesays.com\/ee\/wp-json\/wp\/v2\/posts\/128775","targetHints":{"allow":["GET"]}}],"collection":[{"href":"https:\/\/www.europesays.com\/ee\/wp-json\/wp\/v2\/posts"}],"about":[{"href":"https:\/\/www.europesays.com\/ee\/wp-json\/wp\/v2\/types\/post"}],"author":[{"embeddable":true,"href":"https:\/\/www.europesays.com\/ee\/wp-json\/wp\/v2\/users\/2"}],"replies":[{"embeddable":true,"href":"https:\/\/www.europesays.com\/ee\/wp-json\/wp\/v2\/comments?post=128775"}],"version-history":[{"count":0,"href":"https:\/\/www.europesays.com\/ee\/wp-json\/wp\/v2\/posts\/128775\/revisions"}],"wp:featuredmedia":[{"embeddable":true,"href":"https:\/\/www.europesays.com\/ee\/wp-json\/wp\/v2\/media\/128776"}],"wp:attachment":[{"href":"https:\/\/www.europesays.com\/ee\/wp-json\/wp\/v2\/media?parent=128775"}],"wp:term":[{"taxonomy":"category","embeddable":true,"href":"https:\/\/www.europesays.com\/ee\/wp-json\/wp\/v2\/categories?post=128775"},{"taxonomy":"post_tag","embeddable":true,"href":"https:\/\/www.europesays.com\/ee\/wp-json\/wp\/v2\/tags?post=128775"}],"curies":[{"name":"wp","href":"https:\/\/api.w.org\/{rel}","templated":true}]}}