{"id":128899,"date":"2026-03-14T09:34:30","date_gmt":"2026-03-14T09:34:30","guid":{"rendered":"https:\/\/www.europesays.com\/ee\/128899\/"},"modified":"2026-03-14T09:34:30","modified_gmt":"2026-03-14T09:34:30","slug":"eesti-filmi-partisan-peeter-simm-laks-igavesele-ideaalmaastikule","status":"publish","type":"post","link":"https:\/\/www.europesays.com\/ee\/128899\/","title":{"rendered":"Eesti filmi partisan Peeter Simm l\u00e4ks igavesele ideaalmaastikule"},"content":{"rendered":"<p>Keerulisi olusid Peeter Simmi kuuele k\u00fcmnendile ulatunud karj\u00e4\u00e4ri jooksul t\u00f5esti jagus. N\u00e4iteks keelati \u00fche tema esimese l\u00fchifilmi \u201eStereo\u201c (1978) n\u00e4itamine vaba riigi saabumiseni, sest originaalloo autor Riho Mesilane pages N\u00f5ukogude Liidust l\u00e4\u00e4nde. P\u00e4rast raudse eesriide langemist oli Simm aga nende \u00fcksikute lavastajate seas, kel \u00f5nnestus ka p\u00e4rast toonase filmis\u00fcsteemi kokkuvarisemist edu leida.<\/p>\n","protected":false},"excerpt":{"rendered":"Keerulisi olusid Peeter Simmi kuuele k\u00fcmnendile ulatunud karj\u00e4\u00e4ri jooksul t\u00f5esti jagus. N\u00e4iteks keelati \u00fche tema esimese l\u00fchifilmi \u201eStereo\u201c&hellip;\n","protected":false},"author":2,"featured_media":128900,"comment_status":"","ping_status":"","sticky":false,"template":"","format":"standard","meta":{"footnotes":"","_share_on_mastodon":"0"},"categories":[16],"tags":[37,33,35,173,34,36,140,2362,6217],"class_list":["post-128899","post","type-post","status-publish","format-standard","has-post-thumbnail","category-meelelahutus","tag-ee","tag-eesti","tag-eesti-keel","tag-entertainment","tag-estonia","tag-estonian","tag-meelelahutus","tag-peeter-simm","tag-tristan-priimagi"],"share_on_mastodon":{"url":"https:\/\/pubeurope.com\/@ee\/116226848287509484","error":""},"_links":{"self":[{"href":"https:\/\/www.europesays.com\/ee\/wp-json\/wp\/v2\/posts\/128899","targetHints":{"allow":["GET"]}}],"collection":[{"href":"https:\/\/www.europesays.com\/ee\/wp-json\/wp\/v2\/posts"}],"about":[{"href":"https:\/\/www.europesays.com\/ee\/wp-json\/wp\/v2\/types\/post"}],"author":[{"embeddable":true,"href":"https:\/\/www.europesays.com\/ee\/wp-json\/wp\/v2\/users\/2"}],"replies":[{"embeddable":true,"href":"https:\/\/www.europesays.com\/ee\/wp-json\/wp\/v2\/comments?post=128899"}],"version-history":[{"count":0,"href":"https:\/\/www.europesays.com\/ee\/wp-json\/wp\/v2\/posts\/128899\/revisions"}],"wp:featuredmedia":[{"embeddable":true,"href":"https:\/\/www.europesays.com\/ee\/wp-json\/wp\/v2\/media\/128900"}],"wp:attachment":[{"href":"https:\/\/www.europesays.com\/ee\/wp-json\/wp\/v2\/media?parent=128899"}],"wp:term":[{"taxonomy":"category","embeddable":true,"href":"https:\/\/www.europesays.com\/ee\/wp-json\/wp\/v2\/categories?post=128899"},{"taxonomy":"post_tag","embeddable":true,"href":"https:\/\/www.europesays.com\/ee\/wp-json\/wp\/v2\/tags?post=128899"}],"curies":[{"name":"wp","href":"https:\/\/api.w.org\/{rel}","templated":true}]}}