{"id":128927,"date":"2026-03-14T10:34:17","date_gmt":"2026-03-14T10:34:17","guid":{"rendered":"https:\/\/www.europesays.com\/ee\/128927\/"},"modified":"2026-03-14T10:34:17","modified_gmt":"2026-03-14T10:34:17","slug":"ponev-%e2%9f%a9-eestlaste-kaks-suurimat-lemmikut-lahevad-duellile-kumb-voidab","status":"publish","type":"post","link":"https:\/\/www.europesays.com\/ee\/128927\/","title":{"rendered":"P\u00d5NEV \u27e9 Eestlaste kaks suurimat lemmikut l\u00e4hevad duellile \u2013 kumb v\u00f5idab?"},"content":{"rendered":"<p>Samav\u00e4\u00e4rset elevust ja s\u00e4rinat pole telestuudios ammu tunda olnud. Mis toimub? Midagi uut! Ja mitte uus hooaeg, uus n\u00e4gu v\u00f5i uus lugu, ei! \u00abLaul vs. tants\u00bb on midagi t\u00e4iesti enneolematult uut, mida pole n\u00e4inud veel mitte keegi maailmas. Eesti telepublik on esimene, kes sel p\u00fchap\u00e4eval k\u00f5igest osa saab.<\/p>\n<p>Milles uus saade seisneb? Ekraanile tuuakse paraad v\u00e4rskeid, \u00fcliandekaid talente \u00fcle Eesti ning duellil l\u00e4hevad vastamisi laulu- ja tantsunumber. Midagi niisugust vastakuti panna on t\u00e4iesti enneolematu temp, ent seda enam elektrit on \u00f5hus. Mitu inimest pundis, mis stiilis etteaste, mitte mingeid piire pole! Ainus ootus \u2013 \u00fcllata publikut ja tee midagi enneolematult \u00e4gedat. Ja juba on n\u00e4ha, et andekate inimeste kasvulavana on Eesti t\u00f5esti ainulaadselt rikas kant.<\/p>\n","protected":false},"excerpt":{"rendered":"Samav\u00e4\u00e4rset elevust ja s\u00e4rinat pole telestuudios ammu tunda olnud. Mis toimub? Midagi uut! Ja mitte uus hooaeg, uus&hellip;\n","protected":false},"author":2,"featured_media":128928,"comment_status":"","ping_status":"","sticky":false,"template":"","format":"standard","meta":{"footnotes":"","_share_on_mastodon":"0"},"categories":[80],"tags":[26,27,37,33,35,34,36,5497,31,32,21,41790,43994,706,4100,28,29,58467,12653,95,19,25,7481,52561,23,24,22,20,30,92,93,94],"class_list":["post-128927","post","type-post","status-publish","format-standard","has-post-thumbnail","category-maailm","tag-breaking-news","tag-breakingnews","tag-ee","tag-eesti","tag-eesti-keel","tag-estonia","tag-estonian","tag-evelin-voigemast","tag-featured-news","tag-featurednews","tag-headlines","tag-juri-nael","tag-kaupo-karelson","tag-kohver","tag-koit-toome","tag-latest-news","tag-latestnews","tag-laul-vs-tants","tag-linnar-looris","tag-maailm","tag-news","tag-populaarseimad-lood","tag-priit-loog","tag-talendid","tag-top-stories","tag-topstories","tag-uldised-uudised","tag-uudised","tag-viimased-uudised","tag-world","tag-world-news","tag-worldnews"],"share_on_mastodon":{"url":"https:\/\/pubeurope.com\/@ee\/116227084327095284","error":""},"_links":{"self":[{"href":"https:\/\/www.europesays.com\/ee\/wp-json\/wp\/v2\/posts\/128927","targetHints":{"allow":["GET"]}}],"collection":[{"href":"https:\/\/www.europesays.com\/ee\/wp-json\/wp\/v2\/posts"}],"about":[{"href":"https:\/\/www.europesays.com\/ee\/wp-json\/wp\/v2\/types\/post"}],"author":[{"embeddable":true,"href":"https:\/\/www.europesays.com\/ee\/wp-json\/wp\/v2\/users\/2"}],"replies":[{"embeddable":true,"href":"https:\/\/www.europesays.com\/ee\/wp-json\/wp\/v2\/comments?post=128927"}],"version-history":[{"count":0,"href":"https:\/\/www.europesays.com\/ee\/wp-json\/wp\/v2\/posts\/128927\/revisions"}],"wp:featuredmedia":[{"embeddable":true,"href":"https:\/\/www.europesays.com\/ee\/wp-json\/wp\/v2\/media\/128928"}],"wp:attachment":[{"href":"https:\/\/www.europesays.com\/ee\/wp-json\/wp\/v2\/media?parent=128927"}],"wp:term":[{"taxonomy":"category","embeddable":true,"href":"https:\/\/www.europesays.com\/ee\/wp-json\/wp\/v2\/categories?post=128927"},{"taxonomy":"post_tag","embeddable":true,"href":"https:\/\/www.europesays.com\/ee\/wp-json\/wp\/v2\/tags?post=128927"}],"curies":[{"name":"wp","href":"https:\/\/api.w.org\/{rel}","templated":true}]}}