{"id":128952,"date":"2026-03-14T11:07:07","date_gmt":"2026-03-14T11:07:07","guid":{"rendered":"https:\/\/www.europesays.com\/ee\/128952\/"},"modified":"2026-03-14T11:07:07","modified_gmt":"2026-03-14T11:07:07","slug":"19-aastane-antonelli-tegi-hiina-gp-kvalifikatsiooni-voiduga-f1-ajalugu-postimees-sport","status":"publish","type":"post","link":"https:\/\/www.europesays.com\/ee\/128952\/","title":{"rendered":"19-aastane Antonelli tegi Hiina GP kvalifikatsiooni v\u00f5iduga F1 ajalugu &#8211; Postimees Sport"},"content":{"rendered":"<ol>\n<li><a href=\"https:\/\/news.google.com\/rss\/articles\/CBMiqAFBVV95cUxQSy1zR1hrWmo3V3c3d0xGTW04ZUtOUDliZ0JORDZxU1VDQlNRbWxjd2ZyeHktQzlvWVJoY0dXcDdRb041UWgtNmtKa2lEY3U3cTNLWlNMTmx0bVRnaEF5c2IyaE81Q09xZWo2ZXdpdE1kUjc3aWkyZnhlNGJhU1RWWXROLWVGYl93WjdueUhNYjlOVzJpNFZ6eGx2WVZSZFJEQWtyZnFfS2g?oc=5\" target=\"_blank\" rel=\"nofollow noopener\">19-aastane Antonelli tegi Hiina GP kvalifikatsiooni v\u00f5iduga F1 ajalugu<\/a>&nbsp;&nbsp;Postimees Sport<\/li>\n<li><a href=\"https:\/\/news.google.com\/rss\/articles\/CBMijAFBVV95cUxOeWRCN0VRS29ob2NhSkZjdFZWSWE3aXFyR1dTU0tHc0RFRVM3UHBRQXcxYjR6ZHA2dWJoakttS3FOMWp5RlluS2JGQWk2Vl9tQzRpTEFfN0FUV29rU0VLcmpHb0FIS0szOHVPQzVXbHZRV28xcmplX01jQld4TWRVMHN2MXVqaHpVRE15WQ?oc=5\" target=\"_blank\" rel=\"nofollow noopener\">Mercedesed stardivad esireast ka Hiina sprindis\u00f5idus<\/a>&nbsp;&nbsp;sport | ERR<\/li>\n<li><a href=\"https:\/\/news.google.com\/rss\/articles\/CBMiP0FVX3lxTE5rN1JCYWUySC02VkxyREJ0bXpsejY0TldaS2VfVzNWYjY5TVZvcV9QNWM1NUJoNE1nMFl6RnVsMA?oc=5\" target=\"_blank\" rel=\"nofollow noopener\">Antonellist sai noorim vormel-1 etapi kvalifikatsiooniv\u00f5itja<\/a>&nbsp;&nbsp;Uudis.net<\/li>\n<li><a href=\"https:\/\/news.google.com\/rss\/articles\/CBMirwFBVV95cUxOWGlFTlFiN3lTcmxySk8xM1d6ak5WLUk5YnNwN0QtOWlvRUVHYktCLXh3SXVxc1FqUEpwOFNsN20wOU1sYnRPTXVYdW5ONmR6SGpzcjNvc2lFZFNwN2ZqYWltb1JwOEpNcGxPRWVkV043T1NxQnBkMXlnY1VMWGN0a1JHV1MweXJIOXNhWGEwWldfcE9PTm5VUDhJSGVBSkc2eEtFUmpFSHFMN3Q4VFhz?oc=5\" target=\"_blank\" rel=\"nofollow noopener\">Mercedesed n\u00e4ivad ka Hiina F1 etapil \u00fcliv\u00f5imsad, Verstappen oli h\u00e4das<\/a>&nbsp;&nbsp;Delfi Sport<\/li>\n<\/ol>\n","protected":false},"excerpt":{"rendered":"19-aastane Antonelli tegi Hiina GP kvalifikatsiooni v\u00f5iduga F1 ajalugu&nbsp;&nbsp;Postimees Sport Mercedesed stardivad esireast ka Hiina sprindis\u00f5idus&nbsp;&nbsp;sport | ERR&hellip;\n","protected":false},"author":2,"featured_media":128953,"comment_status":"","ping_status":"","sticky":false,"template":"","format":"standard","meta":{"footnotes":"","_share_on_mastodon":"0"},"categories":[18],"tags":[37,33,35,34,36,8136,7596,1956,58966,19344,1574,7595,58965,13478,38807,159,158],"class_list":["post-128952","post","type-post","status-publish","format-standard","has-post-thumbnail","category-sport","tag-ee","tag-eesti","tag-eesti-keel","tag-estonia","tag-estonian","tag-f1","tag-ferrari","tag-george-russell","tag-hiina-gp","tag-kimi-antonelli","tag-mclaren","tag-mercedes","tag-miami-etapp","tag-pierre-gasly","tag-sebastian-vettel","tag-sport","tag-sports"],"share_on_mastodon":{"url":"https:\/\/pubeurope.com\/@ee\/116227214075646068","error":""},"_links":{"self":[{"href":"https:\/\/www.europesays.com\/ee\/wp-json\/wp\/v2\/posts\/128952","targetHints":{"allow":["GET"]}}],"collection":[{"href":"https:\/\/www.europesays.com\/ee\/wp-json\/wp\/v2\/posts"}],"about":[{"href":"https:\/\/www.europesays.com\/ee\/wp-json\/wp\/v2\/types\/post"}],"author":[{"embeddable":true,"href":"https:\/\/www.europesays.com\/ee\/wp-json\/wp\/v2\/users\/2"}],"replies":[{"embeddable":true,"href":"https:\/\/www.europesays.com\/ee\/wp-json\/wp\/v2\/comments?post=128952"}],"version-history":[{"count":0,"href":"https:\/\/www.europesays.com\/ee\/wp-json\/wp\/v2\/posts\/128952\/revisions"}],"wp:featuredmedia":[{"embeddable":true,"href":"https:\/\/www.europesays.com\/ee\/wp-json\/wp\/v2\/media\/128953"}],"wp:attachment":[{"href":"https:\/\/www.europesays.com\/ee\/wp-json\/wp\/v2\/media?parent=128952"}],"wp:term":[{"taxonomy":"category","embeddable":true,"href":"https:\/\/www.europesays.com\/ee\/wp-json\/wp\/v2\/categories?post=128952"},{"taxonomy":"post_tag","embeddable":true,"href":"https:\/\/www.europesays.com\/ee\/wp-json\/wp\/v2\/tags?post=128952"}],"curies":[{"name":"wp","href":"https:\/\/api.w.org\/{rel}","templated":true}]}}