{"id":129011,"date":"2026-03-14T12:49:19","date_gmt":"2026-03-14T12:49:19","guid":{"rendered":"https:\/\/www.europesays.com\/ee\/129011\/"},"modified":"2026-03-14T12:49:19","modified_gmt":"2026-03-14T12:49:19","slug":"majanduse-seire-liigub-maist-statistikaametisse-majandus","status":"publish","type":"post","link":"https:\/\/www.europesays.com\/ee\/129011\/","title":{"rendered":"Majanduse seire liigub maist statistikaametisse | Majandus"},"content":{"rendered":"<p>Aastaid valitsusele mitte meeldinud Eesti konjunktuuriinstituudi (EKI) majanduse seireuuringute l\u00e4biviimine liigub maist statistikaametisse, kui Euroopa Komisjoni ja Eesti riigi rahastatavate uuringute lepingud l\u00e4hiajal s\u00f5lmitud saavad.<\/p>\n<p>Konjunktuuriinstituut on Euroopa Komisjoni partnerina aastaid m\u00f5\u00f5tnud Eesti majanduse olukorda ja v\u00e4ljavaateid. Instituudi hinnatud majandusolukord on 2022. aastast olnud halb.<\/p>\n<p>2022. aasta mais muutis instituut ka metoodikat, kus liikus tarbijabaromeetri hindamisel \u00fcle telefonik\u00fcsitluselt veebik\u00fcsitlusele ilma, et oleks kaht viisi m\u00f5nda aega paralleelselt t\u00f6\u00f6s hoitud, et olla kindlad, mis m\u00f5ju muutus tulemustele andis.<\/p>\n<p>Konjunktuuriinstituudi pikaajaline juht Marje Josing suri 2023. aasta suvel ja tema j\u00e4rel ettev\u00f5tte juhiks saanud Peeter Raudsepa (Isamaa) ja valitsuse vahel <a href=\"https:\/\/www.err.ee\/1609413055\/michal-ja-ligi-kritiseerisid-konjunktuuriinstituudi-juhi-sonumeid\" target=\"_blank\" rel=\"noopener nofollow\">tekkis konflikt.<\/a> Valitsuse hinnangul olid instituudi edastatu liialt negatiivne.<\/p>\n<p>Sihtasutus Liberaalne Kodanik (SALK) avaldas ka 2025. aasta s\u00fcgisel hinnangu, et instituudi numbrid on liialt madalad, mis v\u00f5is olla tingutud metoodikamuudatusest. Kui oleks j\u00e4tkatud varasema metoodikaga, oleks SALK hinnangul t<a href=\"https:\/\/www.err.ee\/1609804779\/salk-hinnang-perede-toimetulekule-ja-riigi-majandusolukorrale-on-eeldatust-parem\" target=\"_blank\" rel=\"noopener nofollow\">ulemused olnud positiivsemad.<\/a><\/p>\n<p>Rahandusminister J\u00fcrgen Ligi (Reformierakond) kirjutas sel neljap\u00e4eval sotsiaalmeedias, et kindlustunde uuringud olid manipuleeritud, Raudsepp vaikis maha kindlustunde paranemise tendentsi ja sai preemiaks Tallinna linnapeaks. &#8220;Ebap\u00e4devus siiski ei seisa kotis,&#8221; m\u00e4rkis Ligi.<\/p>\n<p>Kuna Euroopa Komisjoni ja konjunktuuriinstituudi viimane leping l\u00f5ppeb selle aasta aprillis, siis v\u00f5ttis majandus- ja kommunikatsiooniministeerium statistikaametiga \u00fchendust, et \u00e4kki v\u00f5taks amet seireuuringute tegemise ise ette, \u00fctles ERR-ile statistikaameti meediasuhete juht Susann Kivi.<\/p>\n<p>&#8220;Statistikaamet esitas 2025. aasta s\u00fcgisel Euroopa Komisjonile kaks taotlust: esiteks tarbijakindluse- ja majandusanal\u00fc\u00fcside raamlepingule perioodiga kaks aastat, millele saime detsembris positiivse vastuse. Teine taotlus oli rahastuse saamiseks,&#8221; m\u00e4rkis Kivi.<\/p>\n<p>Kuigi statistikaameti pakkumine oli rahaliselt kallim, \u00fctles Euroopa Komisjoni Eesti esinduse kommunikatsioonijuht Elis Paemurd, et majandusuuringute puhul on tegu toetuslepingutega, kus ei ole m\u00e4\u00e4ravaks hind, vaid ka sisuline pakkumine.<\/p>\n<p>Paemurru s\u00f5nul statistikaameti pakkumine osutus paremaks ja ametiga on ka raamleping s\u00f5lmitud. Konkreetsemate tegevuste jaoks s\u00f5lmitavad eraldi lepingud on praegu veel s\u00f5lmimisel.<\/p>\n<p>Kui statistikaamet lepingu s\u00f5lmitud saab, on amet valmis alustama andmekogumisega. Praegu valmistab amet ette metoodikat, konsulteerib v\u00e4lismaa kolleegidega, tegeleb k\u00fcsimustike ja k\u00fcsitluse juhendite v\u00e4lja t\u00f6\u00f6tamisega ning valmistub t\u00f6\u00f6j\u00f5udu v\u00e4rbama.<\/p>\n<p>Igal juhul t\u00e4hendab majandusseire statistikaametisse \u00fcle liikumine andmetes katkestust.<\/p>\n<p>&#8220;Kui lepingu saame, siis alustame mais. P\u00fc\u00fcame j\u00e4rgida v\u00f5imalikult sama metoodikat ja selleks suhtleme ka konjunktuuriinstituudiga. Andmekoguja vahetusega v\u00f5ib siiski kaasneda m\u00f5ningane nihe tulemustes,&#8221; m\u00e4rkis Kivi.<\/p>\n<p>&#8220;Kasv\u00f5i n\u00e4iteks see, kes k\u00fcsimustiku saadab, v\u00f5ib vastajate meelestatust m\u00f5jutada. Aga me ei oska prognoosida, kas statistikaametile vastatakse parema meelega v\u00f5i mitte v\u00f5i kas meile antakse negatiivsemad v\u00f5i positiivsemad vastused,&#8221; lisas ta.<\/p>\n<p>Konjunktuuriinstituudile, mille uue juhi Bruno Pulveri s\u00f5nul Euroopa Komisjonist veel edasiste uuringute osas tagasisidet tulnud ei ole, t\u00e4hendaks lepingu kaotamine suurt l\u00f6\u00f6ki.<\/p>\n<p>Eesti kaubandus-t\u00f6\u00f6stuskojale kuuluva ettev\u00f5tte umbes poole miljoni euro suurusest k\u00e4ibest t\u00f5i Euroopa Komisjoni tellitud majandusseire umbes 200 000 eurot aastast, \u00fctles Pulver.<\/p>\n<p>Pulveri s\u00f5nul ettev\u00f5tet kinni panna ei ole plaanis, kuid 40-protsendiline k\u00e4ibe langus t\u00e4hendaks, et 12 t\u00f6\u00f6tajast tuleks pooled koondada. Samas muid lepinguid ja tegevusi konjunktuuriinstituudil veel on.<\/p>\n","protected":false},"excerpt":{"rendered":"Aastaid valitsusele mitte meeldinud Eesti konjunktuuriinstituudi (EKI) majanduse seireuuringute l\u00e4biviimine liigub maist statistikaametisse, kui Euroopa Komisjoni ja Eesti&hellip;\n","protected":false},"author":2,"featured_media":129012,"comment_status":"","ping_status":"","sticky":false,"template":"","format":"standard","meta":{"footnotes":"","_share_on_mastodon":"0"},"categories":[12],"tags":[26,27,37,33,35,3256,13146,34,36,31,32,21,28,29,19,25,169,23,24,22,20,30],"class_list":["post-129011","post","type-post","status-publish","format-standard","has-post-thumbnail","category-eesti","tag-breaking-news","tag-breakingnews","tag-ee","tag-eesti","tag-eesti-keel","tag-eesti-konjunktuuriinstituut","tag-eki","tag-estonia","tag-estonian","tag-featured-news","tag-featurednews","tag-headlines","tag-latest-news","tag-latestnews","tag-news","tag-populaarseimad-lood","tag-statistika","tag-top-stories","tag-topstories","tag-uldised-uudised","tag-uudised","tag-viimased-uudised"],"share_on_mastodon":{"url":"https:\/\/pubeurope.com\/@ee\/116227615153779534","error":""},"_links":{"self":[{"href":"https:\/\/www.europesays.com\/ee\/wp-json\/wp\/v2\/posts\/129011","targetHints":{"allow":["GET"]}}],"collection":[{"href":"https:\/\/www.europesays.com\/ee\/wp-json\/wp\/v2\/posts"}],"about":[{"href":"https:\/\/www.europesays.com\/ee\/wp-json\/wp\/v2\/types\/post"}],"author":[{"embeddable":true,"href":"https:\/\/www.europesays.com\/ee\/wp-json\/wp\/v2\/users\/2"}],"replies":[{"embeddable":true,"href":"https:\/\/www.europesays.com\/ee\/wp-json\/wp\/v2\/comments?post=129011"}],"version-history":[{"count":0,"href":"https:\/\/www.europesays.com\/ee\/wp-json\/wp\/v2\/posts\/129011\/revisions"}],"wp:featuredmedia":[{"embeddable":true,"href":"https:\/\/www.europesays.com\/ee\/wp-json\/wp\/v2\/media\/129012"}],"wp:attachment":[{"href":"https:\/\/www.europesays.com\/ee\/wp-json\/wp\/v2\/media?parent=129011"}],"wp:term":[{"taxonomy":"category","embeddable":true,"href":"https:\/\/www.europesays.com\/ee\/wp-json\/wp\/v2\/categories?post=129011"},{"taxonomy":"post_tag","embeddable":true,"href":"https:\/\/www.europesays.com\/ee\/wp-json\/wp\/v2\/tags?post=129011"}],"curies":[{"name":"wp","href":"https:\/\/api.w.org\/{rel}","templated":true}]}}