{"id":129017,"date":"2026-03-14T13:01:07","date_gmt":"2026-03-14T13:01:07","guid":{"rendered":"https:\/\/www.europesays.com\/ee\/129017\/"},"modified":"2026-03-14T13:01:07","modified_gmt":"2026-03-14T13:01:07","slug":"video-%e2%9f%a9-jaapanis-kerkis-seletamatul-pohjusel-maa-seest-valja-hiiglaslik-metalltoru","status":"publish","type":"post","link":"https:\/\/www.europesays.com\/ee\/129017\/","title":{"rendered":"VIDEO \u27e9 Jaapanis kerkis seletamatul p\u00f5hjusel maa seest v\u00e4lja hiiglaslik metalltoru"},"content":{"rendered":"<p>Osaka linnas t\u00f5usis ehitusplatsil maa seest v\u00e4lja 13 meetri k\u00f5rgune metalltoru, mis kerkis peaaegu tiheda liiklusega \u00fcles\u00f5iduni, vahendab The Japan Times.<\/p>\n<p>Kolmap\u00e4eva hommikul kella 6.50 paiku sai politsei h\u00e4daabik\u00f5ne, et Kita linnaosas lendab ehitusplatsil laiali betoonirisu. Kuna prahti lendas ka s\u00f5iduteele, otsustas Osaka politsei l\u00e4hedalasuvad t\u00e4navad sulgeda.<\/p>\n","protected":false},"excerpt":{"rendered":"Osaka linnas t\u00f5usis ehitusplatsil maa seest v\u00e4lja 13 meetri k\u00f5rgune metalltoru, mis kerkis peaaegu tiheda liiklusega \u00fcles\u00f5iduni, vahendab&hellip;\n","protected":false},"author":2,"featured_media":129018,"comment_status":"","ping_status":"","sticky":false,"template":"","format":"standard","meta":{"footnotes":"","_share_on_mastodon":"0"},"categories":[5],"tags":[58983,26,27,37,33,35,41473,34,36,31,32,58986,21,58984,28,29,58982,58985,19,13467,353,25,23,24,58987,22,20,22261,30],"class_list":["post-129017","post","type-post","status-publish","format-standard","has-post-thumbnail","category-uldised-uudised","tag-betoonirisu","tag-breaking-news","tag-breakingnews","tag-ee","tag-eesti","tag-eesti-keel","tag-ehitusplats","tag-estonia","tag-estonian","tag-featured-news","tag-featurednews","tag-hankyu-osaka-umeda","tag-headlines","tag-kita","tag-latest-news","tag-latestnews","tag-linna-reoveeamet","tag-metalltoru","tag-news","tag-osaka","tag-politsei","tag-populaarseimad-lood","tag-top-stories","tag-topstories","tag-ujutamine","tag-uldised-uudised","tag-uudised","tag-vihmavesi","tag-viimased-uudised"],"share_on_mastodon":{"url":"https:\/\/pubeurope.com\/@ee\/116227662322264353","error":""},"_links":{"self":[{"href":"https:\/\/www.europesays.com\/ee\/wp-json\/wp\/v2\/posts\/129017","targetHints":{"allow":["GET"]}}],"collection":[{"href":"https:\/\/www.europesays.com\/ee\/wp-json\/wp\/v2\/posts"}],"about":[{"href":"https:\/\/www.europesays.com\/ee\/wp-json\/wp\/v2\/types\/post"}],"author":[{"embeddable":true,"href":"https:\/\/www.europesays.com\/ee\/wp-json\/wp\/v2\/users\/2"}],"replies":[{"embeddable":true,"href":"https:\/\/www.europesays.com\/ee\/wp-json\/wp\/v2\/comments?post=129017"}],"version-history":[{"count":0,"href":"https:\/\/www.europesays.com\/ee\/wp-json\/wp\/v2\/posts\/129017\/revisions"}],"wp:featuredmedia":[{"embeddable":true,"href":"https:\/\/www.europesays.com\/ee\/wp-json\/wp\/v2\/media\/129018"}],"wp:attachment":[{"href":"https:\/\/www.europesays.com\/ee\/wp-json\/wp\/v2\/media?parent=129017"}],"wp:term":[{"taxonomy":"category","embeddable":true,"href":"https:\/\/www.europesays.com\/ee\/wp-json\/wp\/v2\/categories?post=129017"},{"taxonomy":"post_tag","embeddable":true,"href":"https:\/\/www.europesays.com\/ee\/wp-json\/wp\/v2\/tags?post=129017"}],"curies":[{"name":"wp","href":"https:\/\/api.w.org\/{rel}","templated":true}]}}