{"id":129077,"date":"2026-03-14T14:40:07","date_gmt":"2026-03-14T14:40:07","guid":{"rendered":"https:\/\/www.europesays.com\/ee\/129077\/"},"modified":"2026-03-14T14:40:07","modified_gmt":"2026-03-14T14:40:07","slug":"uuring-%e2%9f%a9-korged-elektrihinnad-sunnivad-ettevotteid-investeerima","status":"publish","type":"post","link":"https:\/\/www.europesays.com\/ee\/129077\/","title":{"rendered":"UURING \u27e9 K\u00f5rged elektrihinnad sunnivad ettev\u00f5tteid investeerima"},"content":{"rendered":"<p class=\"MsoNormal\">Luminori tellitud uuringu j\u00e4rgi peab ligi iga neljas ettev\u00f5tte juht energiakulusid oluliseks teguriks, mis m\u00f5jutab ettev\u00f5tte tulemusi ka 2026. aastal.<\/p>\n<p class=\"MsoNormal\">Indrek Julge s\u00f5nul on hiljutised k\u00f5rged elektriarved olnud tingitud mitme teguri koosm\u00f5just. \u00abVeebruaris ulatus keskmine elektri b\u00f6rsihind 154,6 euroni megavatt-tunni kohta, mis oli isegi pisut k\u00f5rgem kui jaanuaris. T\u00e4navune talv oli viimaste aastate \u00fcks k\u00fclmemaid, mis on suurendanud energiatarbimist ettev\u00f5tetes, kus k\u00fctmine v\u00f5i tootmine p\u00f5hineb elektril, millele lisas \u00f5li tulle k\u00f5rge elektri b\u00f6rsihind,\u00bb \u00fctles Julge.<\/p>\n<p class=\"MsoNormal\">Luminori tellitud uuringust ilmnes, et energia hind on ettev\u00f5tjate jaoks strateegiline k\u00fcsimus. \u00abKuigi k\u00fcmnendi alguses aset leidnud energiakriis on m\u00f6\u00f6das, n\u00e4hakse elektri hinda endiselt pikaajalise konkurentsiv\u00f5ime m\u00f5jutajana. Neljandik ettev\u00f5tjatest pidas novembris energiakulusid oluliseks ettev\u00f5tte tulemusi m\u00f5jutavaks teguriks. Samas polnud selleks hetkeks ligi kolm aastat sedav\u00f5rd k\u00f5rgeid hindasid n\u00e4htud nagu jaanuaris ja veebruaris oli, mist\u00f5ttu v\u00f5ib arvata, et energiahindade k\u00fcsimus on hetkel veelgi suurema osakaaluga ettev\u00f5tete jaoks terav mure,\u00bb t\u00f5des ta.<\/p>\n<p class=\"MsoNormal\">Julge m\u00e4rkis, et seet\u00f5ttu otsivad ettev\u00f5tted \u00fcha aktiivsemalt lahendusi, mis aitaksid kulusid paremini prognoosida ja kontrollida. \u00ab\u00dcks v\u00f5imalus hinnariski v\u00e4hendamiseks on elektrihinna fikseerimine, mida paljud ettev\u00f5tted on juba ka teinud. Fikseeritud elektrihind v\u00f5ib m\u00f5nel perioodil olla turuhinnast kallim, n\u00e4iteks suvel, kui p\u00e4ikeseenergia t\u00f5ttu on elekter odavam, kuid talvel annab see ettev\u00f5tjale prognoositavuse ja aitab v\u00e4ltida ootamatult suuri kulusid,\u00bb selgitas Julge.<\/p>\n","protected":false},"excerpt":{"rendered":"Luminori tellitud uuringu j\u00e4rgi peab ligi iga neljas ettev\u00f5tte juht energiakulusid oluliseks teguriks, mis m\u00f5jutab ettev\u00f5tte tulemusi ka&hellip;\n","protected":false},"author":2,"featured_media":129078,"comment_status":"","ping_status":"","sticky":false,"template":"","format":"standard","meta":{"footnotes":"","_share_on_mastodon":"0"},"categories":[12],"tags":[58991,26,27,37,33,35,7275,4527,41135,34,36,31,32,21,1284,28,29,438,19,4396,25,58992,23,24,22,20,30],"class_list":["post-129077","post","type-post","status-publish","format-standard","has-post-thumbnail","category-eesti","tag-akusalvestus","tag-breaking-news","tag-breakingnews","tag-ee","tag-eesti","tag-eesti-keel","tag-elektri-hind","tag-energia","tag-energiakulud","tag-estonia","tag-estonian","tag-featured-news","tag-featurednews","tag-headlines","tag-konkurentsivoime","tag-latest-news","tag-latestnews","tag-luminor","tag-news","tag-paikesepark","tag-populaarseimad-lood","tag-tootmishooned","tag-top-stories","tag-topstories","tag-uldised-uudised","tag-uudised","tag-viimased-uudised"],"share_on_mastodon":{"url":"https:\/\/pubeurope.com\/@ee\/116228051626091151","error":""},"_links":{"self":[{"href":"https:\/\/www.europesays.com\/ee\/wp-json\/wp\/v2\/posts\/129077","targetHints":{"allow":["GET"]}}],"collection":[{"href":"https:\/\/www.europesays.com\/ee\/wp-json\/wp\/v2\/posts"}],"about":[{"href":"https:\/\/www.europesays.com\/ee\/wp-json\/wp\/v2\/types\/post"}],"author":[{"embeddable":true,"href":"https:\/\/www.europesays.com\/ee\/wp-json\/wp\/v2\/users\/2"}],"replies":[{"embeddable":true,"href":"https:\/\/www.europesays.com\/ee\/wp-json\/wp\/v2\/comments?post=129077"}],"version-history":[{"count":0,"href":"https:\/\/www.europesays.com\/ee\/wp-json\/wp\/v2\/posts\/129077\/revisions"}],"wp:featuredmedia":[{"embeddable":true,"href":"https:\/\/www.europesays.com\/ee\/wp-json\/wp\/v2\/media\/129078"}],"wp:attachment":[{"href":"https:\/\/www.europesays.com\/ee\/wp-json\/wp\/v2\/media?parent=129077"}],"wp:term":[{"taxonomy":"category","embeddable":true,"href":"https:\/\/www.europesays.com\/ee\/wp-json\/wp\/v2\/categories?post=129077"},{"taxonomy":"post_tag","embeddable":true,"href":"https:\/\/www.europesays.com\/ee\/wp-json\/wp\/v2\/tags?post=129077"}],"curies":[{"name":"wp","href":"https:\/\/api.w.org\/{rel}","templated":true}]}}