{"id":129135,"date":"2026-03-14T15:54:08","date_gmt":"2026-03-14T15:54:08","guid":{"rendered":"https:\/\/www.europesays.com\/ee\/129135\/"},"modified":"2026-03-14T15:54:08","modified_gmt":"2026-03-14T15:54:08","slug":"naiste-koondis-peab-enne-koduseid-valikmange-prahas-maavoistluse-soccernet-ee","status":"publish","type":"post","link":"https:\/\/www.europesays.com\/ee\/129135\/","title":{"rendered":"Naiste koondis peab enne koduseid valikm\u00e4nge Prahas maav\u00f5istluse &#8211; Soccernet.ee"},"content":{"rendered":"<p><a href=\"https:\/\/soccernet.ee\/fotod\/na-leedu-eesti\" rel=\"nofollow noopener\" target=\"_blank\"><img decoding=\"async\" src=\"https:\/\/www.europesays.com\/ee\/wp-content\/uploads\/2026\/03\/1772904990.jpg\" alt=\"Eesti naiste koondis kohtub aprillis T\u0161ehhiga. Foto: Liisi Troska \/ jalgpall.ee\"\/><\/a>&#13;\n<\/p>\n<p>Eesti naiste koondis peab enne aprillikuiseid MM-valikm\u00e4nge v\u00f5\u00f5rsil maav\u00f5istluse, kui 10. aprillil minnakse Prahas vastamisi T\u0161ehhiga, kirjutab <a href=\"https:\/\/jalgpall.ee\/koondis\/7\/uudised\/naiste-koondis-peab-enne-mm-valikmange-maavoistluse-tsehhiga-n25742\" target=\"_blank\" rel=\"nofollow noopener\">jalgpall.ee<\/a>.<\/p>\n<p>Eesti on FIFA edetabelis 31. kohal asuva T\u0161ehhiga kohtunud kuuel korral. K\u00f5ik kuus m\u00e4ngu on v\u00f5itnud T\u0161ehhi. Viimati kohtuti omavahel 2014. aasta augustis MM-valiksarja raames A. Le Coq Arenal, kui T\u0161ehhi v\u00f5itis 4:1 ja Eesti v\u00e4rava l\u00f5i Signy Saarna.&#13;\n<\/p>\n<p>P\u00e4rast maav\u00f5istlust T\u0161ehhiga j\u00e4tkub Eesti jaoks MM-valiksari kodus, kui teisip\u00e4eval, 14. aprillil kell 18 minnakse vastamisi Liechtensteiniga ning laup\u00e4eval, 18. aprillil kell 17 kohtutakse Leeduga. A. Le Coq Arenal toimuvate m\u00e4ngude piletid on m\u00fc\u00fcgil Eesti Jalgpalli Liidu kodulehel ja Piletilevis. M\u00f5lemat m\u00e4ngu n\u00e4eb otsepildis Soccernet TV-st.&#13;\n<\/p>\n<p>Senipeetud kahest valikm\u00e4ngust on Aleksandra \u0160evoldajeva juhendatud koondisel kirjas 1:3 v\u00f5\u00f5rsilkaotus Bosnia ja Hertsegoviinalt ning 0:0 v\u00f5\u00f5rsilviik Leeduga.<\/p>\n","protected":false},"excerpt":{"rendered":"&#13; Eesti naiste koondis peab enne aprillikuiseid MM-valikm\u00e4nge v\u00f5\u00f5rsil maav\u00f5istluse, kui 10. aprillil minnakse Prahas vastamisi T\u0161ehhiga, kirjutab&hellip;\n","protected":false},"author":2,"featured_media":129136,"comment_status":"","ping_status":"","sticky":false,"template":"","format":"standard","meta":{"footnotes":"","_share_on_mastodon":"0"},"categories":[18],"tags":[9331,37,33,35,9645,34,36,9654,9644,159,158,116],"class_list":["post-129135","post","type-post","status-publish","format-standard","has-post-thumbnail","category-sport","tag-aleksandra-sevoldajeva","tag-ee","tag-eesti","tag-eesti-keel","tag-eesti-naiste-koondis","tag-estonia","tag-estonian","tag-naiste-koondis","tag-sevoldajeva","tag-sport","tag-sports","tag-tsehhi"],"share_on_mastodon":{"url":"https:\/\/pubeurope.com\/@ee\/116228342605611913","error":""},"_links":{"self":[{"href":"https:\/\/www.europesays.com\/ee\/wp-json\/wp\/v2\/posts\/129135","targetHints":{"allow":["GET"]}}],"collection":[{"href":"https:\/\/www.europesays.com\/ee\/wp-json\/wp\/v2\/posts"}],"about":[{"href":"https:\/\/www.europesays.com\/ee\/wp-json\/wp\/v2\/types\/post"}],"author":[{"embeddable":true,"href":"https:\/\/www.europesays.com\/ee\/wp-json\/wp\/v2\/users\/2"}],"replies":[{"embeddable":true,"href":"https:\/\/www.europesays.com\/ee\/wp-json\/wp\/v2\/comments?post=129135"}],"version-history":[{"count":0,"href":"https:\/\/www.europesays.com\/ee\/wp-json\/wp\/v2\/posts\/129135\/revisions"}],"wp:featuredmedia":[{"embeddable":true,"href":"https:\/\/www.europesays.com\/ee\/wp-json\/wp\/v2\/media\/129136"}],"wp:attachment":[{"href":"https:\/\/www.europesays.com\/ee\/wp-json\/wp\/v2\/media?parent=129135"}],"wp:term":[{"taxonomy":"category","embeddable":true,"href":"https:\/\/www.europesays.com\/ee\/wp-json\/wp\/v2\/categories?post=129135"},{"taxonomy":"post_tag","embeddable":true,"href":"https:\/\/www.europesays.com\/ee\/wp-json\/wp\/v2\/tags?post=129135"}],"curies":[{"name":"wp","href":"https:\/\/api.w.org\/{rel}","templated":true}]}}