{"id":129149,"date":"2026-03-14T16:19:28","date_gmt":"2026-03-14T16:19:28","guid":{"rendered":"https:\/\/www.europesays.com\/ee\/129149\/"},"modified":"2026-03-14T16:19:28","modified_gmt":"2026-03-14T16:19:28","slug":"laskesuusatamise-maailmakarikavoistlused-2025-2026-otepaal-reede-ohtul-toimuva-voistluse-programm-stardinimekiri-ja-stardiajad","status":"publish","type":"post","link":"https:\/\/www.europesays.com\/ee\/129149\/","title":{"rendered":"Laskesuusatamise maailmakarikav\u00f5istlused 2025\/2026: Otep\u00e4\u00e4l reede \u00f5htul toimuva v\u00f5istluse programm, stardinimekiri ja stardiajad"},"content":{"rendered":"<p>Otep\u00e4\u00e4 v\u00f5\u00f5rustab talve kaheksandat maailmakarika etappi 12.\u201315. m\u00e4rtsini 2026. \u00dcritus algas neljap\u00e4eval meeste 10 km sprindiga, millele j\u00e4rgnes reedel naiste 7.5 km sprint, j\u00e4tkub laup\u00e4eval naiste ja meeste j\u00e4lituss\u00f5iduga ning l\u00f5peb p\u00fchap\u00e4eval segav\u00f5istluse teatev\u00f5istluse (M+N) ja segav\u00f5istluse teatev\u00f5istlusega (M+N).<\/p>\n<p class=\"gt-block\">Samuti loe &#8211;<a href=\"https:\/\/www.proxcskiing.com\/et\/laskesuusatamine\/Biatloni-maailmameistriv%C3%B5istlused-2025-2026-Otep%C3%A4%C3%A4s%3A-t%C3%A4ielik-programm\/\" target=\"_blank\" rel=\"noreferrer noopener nofollow\"> Laskesuusatamise maailmakarikav\u00f5istlused 2025\/2026: Otep\u00e4\u00e4 t\u00e4ielik programm<\/a><\/p>\n<p>Reedese \u00fcrituse algusajad ja stardinimekiri on loetletud allpool. T\u00e4ielik n\u00e4dalavahetuse programm on artikli l\u00f5pus.<\/p>\n<p>Otep\u00e4\u00e4 maailmameistriv\u00f5istlused<\/p>\n<p class=\"gt-block\">Reede, 13. m\u00e4rts: Naiste 7.5 km sprint (lisateavet leiate aadressilt <a href=\"https:\/\/www.proxcskiing.com\/et\/s%C3%BCndmus\/ibu-wc-otepaa-7-5-km-sprint-naised\/\" target=\"_blank\" rel=\"noreferrer noopener nofollow\">SIIN<\/a>)<\/p>\n<ul class=\"wp-block-list\">\n<li>15:15 CET: 7.5 km sprint, naised<\/li>\n<\/ul>\n<p class=\"gt-block\">Stardinimekirja leiab <a href=\"https:\/\/www.proxcskiing.com\/et\/s%C3%BCndmus\/ibu-wc-otepaa-7-5-km-sprint-naised\/\" rel=\"nofollow noopener\" target=\"_blank\">SIIN NAISTELE<\/a><\/p>\n<p>FAKTID Otep\u00e4\u00e4 maailmameistriv\u00f5istluste hooaeg 2025\/2026<\/p>\n<p class=\"gt-block\">PROGRAMM<\/p>\n<p class=\"gt-block\">Neljap\u00e4ev, 12. m\u00e4rts: Meeste 10 km sprint (lisateavet leiate aadressilt <a href=\"https:\/\/www.proxcskiing.com\/et\/s%C3%BCndmus\/ibu-wc-otepaa-10-km-sprindi-mehed\/\" target=\"_blank\" rel=\"noreferrer noopener nofollow\">SIIN<\/a>)<\/p>\n<ul class=\"wp-block-list\">\n<li>15:15 CET: 10 km sprint, mehed<\/li>\n<\/ul>\n<p class=\"gt-block\">Reede, 13. m\u00e4rts: Naiste 7.5 km sprint (lisateavet leiate aadressilt <a href=\"https:\/\/www.proxcskiing.com\/et\/s%C3%BCndmus\/ibu-wc-otepaa-7-5-km-sprint-naised\/\" target=\"_blank\" rel=\"noreferrer noopener nofollow\">SIIN<\/a>)<\/p>\n<ul class=\"wp-block-list\">\n<li>15:15 CET: 7.5 km sprint, naised<\/li>\n<\/ul>\n<p class=\"gt-block\">Laup\u00e4ev, 7. m\u00e4rts: meeste 12.5 km j\u00e4lituss\u00f5it ja naiste 10 km j\u00e4lituss\u00f5it (lisateavet leiate aadressilt <a href=\"https:\/\/www.proxcskiing.com\/et\/s%C3%BCndmus\/ibu-wc-otepaa-10-12-5-km-j%C3%A4lituss%C3%B5it\/\" target=\"_blank\" rel=\"noreferrer noopener nofollow\">SIIN<\/a>)<\/p>\n<ul class=\"wp-block-list\">\n<li>13:30 CET: 12.5 km j\u00e4lituss\u00f5it, mehed<\/li>\n<li>16:00 CET: 10 km j\u00e4lituss\u00f5it, naised<\/li>\n<\/ul>\n<p class=\"gt-block\">P\u00fchap\u00e4ev, 8. m\u00e4rts: \u00dcks segav\u00f5istlus (M+N) ja segav\u00f5istlus (M+N) (lisateavet leiate aadressilt <a href=\"https:\/\/www.proxcskiing.com\/et\/s%C3%BCndmus\/ibu-wc-otep%C3%A4%C3%A4-segav%C3%B5istluse-wm\/\" target=\"_blank\" rel=\"noreferrer noopener nofollow\">SIIN<\/a> ja <a href=\"https:\/\/www.proxcskiing.com\/et\/s%C3%BCndmus\/ibu-wc-otep%C3%A4%C3%A4-segateatev%C3%B5istlus-MM\/\" target=\"_blank\" rel=\"noreferrer noopener nofollow\">SIIN<\/a>)<\/p>\n<ul class=\"wp-block-list\">\n<li>12:35 CET: Meeste ja naiste segav\u00f5istluste \u00fcksikv\u00f5istlus<\/li>\n<li>14:40 CET: Segateatev\u00f5istlus, mehed + naised<\/li>\n<\/ul>\n<p>P\u00e4rast Otep\u00e4\u00e4d (Eesti) l\u00f5petab laskesuusatamise maailmakarika 2025\/2026 hooaeg Oslo-Holmenkollenis (Norras).<\/p>\n<p class=\"gt-block\">Samuti loe &#8211; <a href=\"https:\/\/www.proxcskiing.com\/et\/laskesuusatamine\/Biatloni-maailmakarika-kalender-2025.-ja-2026.-aasta-talvehooajaks\/\" target=\"_blank\" rel=\"noreferrer noopener nofollow\">Laskesuusatamise maailmameistriv\u00f5istlused: 2025\/2026 talvehooaja kalender<\/a><\/p>\n<p class=\"gt-block\">Lisateavet laskesuusatamise maailmameistriv\u00f5istluste kohta leiate\u00a0<a href=\"https:\/\/www.biathlonworld.com\/\" target=\"_blank\" rel=\"noreferrer noopener nofollow\">SIIN<\/a><\/p>\n<p class=\"gt-block\">Kas olete huvitatud laskesuusatamisest? Kl\u00f5psake\u00a0<a href=\"https:\/\/www.proxcskiing.com\/et\/kategooria\/laskesuusatamine\/\" target=\"_blank\" rel=\"noreferrer noopener nofollow\">SIIN<\/a> ja loe selle kohta l\u00e4hemalt.<\/p>\n<p>ProXCskiing.com liikmena saate t\u00e4ieliku juurdep\u00e4\u00e4su kogu saidi sisule. Samuti otse\u00fclekanded Ski Classics \u00fcritused on saadaval ingliskeelsete kommentaaridega.<\/p>\n<p>Kui sinust saab osa \u00fchest maailma juhtivast murdmaasuusatamise kogukonnast, saad aastaringselt palju eksklusiivseid pakkumisi.<\/p>\n<p><a href=\"https:\/\/proxcskiing.com\/profile\/\" target=\"_blank\" rel=\"noreferrer noopener nofollow\"><img loading=\"lazy\" decoding=\"async\" width=\"1024\" height=\"313\" src=\"https:\/\/www.europesays.com\/ee\/wp-content\/uploads\/2026\/03\/Pro-XC-Skiing_WinterBanner_2024_980x300_EN-1024x313.png\" alt=\"Banner 2024\" class=\"wp-image-77122\"  \/><\/a><\/p>\n<p class=\"gt-block has-text-align-center\"><a href=\"https:\/\/proxcskiing.com\/profile\/\" target=\"_blank\" rel=\"noreferrer noopener nofollow\"><a href=\"https:\/\/proxcskiing.com\/profile\/\" target=\"_blank\" rel=\"noreferrer noopener nofollow\">REGISTREERU SIIN LIIKMEKS<\/a><\/p>\n","protected":false},"excerpt":{"rendered":"Otep\u00e4\u00e4 v\u00f5\u00f5rustab talve kaheksandat maailmakarika etappi 12.\u201315. m\u00e4rtsini 2026. \u00dcritus algas neljap\u00e4eval meeste 10 km sprindiga, millele j\u00e4rgnes&hellip;\n","protected":false},"author":2,"featured_media":129150,"comment_status":"","ping_status":"","sticky":false,"template":"","format":"standard","meta":{"footnotes":"","_share_on_mastodon":"0"},"categories":[12],"tags":[26,27,37,33,35,34,36,31,32,21,58557,2998,28,29,19,25,35584,12915,23,24,22,20,30,35585],"class_list":["post-129149","post","type-post","status-publish","format-standard","has-post-thumbnail","category-eesti","tag-breaking-news","tag-breakingnews","tag-ee","tag-eesti","tag-eesti-keel","tag-estonia","tag-estonian","tag-featured-news","tag-featurednews","tag-headlines","tag-kaepide","tag-laskesuusatamine","tag-latest-news","tag-latestnews","tag-news","tag-populaarseimad-lood","tag-proxcskimine","tag-sprint","tag-top-stories","tag-topstories","tag-uldised-uudised","tag-uudised","tag-viimased-uudised","tag-world-cup"],"share_on_mastodon":{"url":"https:\/\/pubeurope.com\/@ee\/116228440906649258","error":""},"_links":{"self":[{"href":"https:\/\/www.europesays.com\/ee\/wp-json\/wp\/v2\/posts\/129149","targetHints":{"allow":["GET"]}}],"collection":[{"href":"https:\/\/www.europesays.com\/ee\/wp-json\/wp\/v2\/posts"}],"about":[{"href":"https:\/\/www.europesays.com\/ee\/wp-json\/wp\/v2\/types\/post"}],"author":[{"embeddable":true,"href":"https:\/\/www.europesays.com\/ee\/wp-json\/wp\/v2\/users\/2"}],"replies":[{"embeddable":true,"href":"https:\/\/www.europesays.com\/ee\/wp-json\/wp\/v2\/comments?post=129149"}],"version-history":[{"count":0,"href":"https:\/\/www.europesays.com\/ee\/wp-json\/wp\/v2\/posts\/129149\/revisions"}],"wp:featuredmedia":[{"embeddable":true,"href":"https:\/\/www.europesays.com\/ee\/wp-json\/wp\/v2\/media\/129150"}],"wp:attachment":[{"href":"https:\/\/www.europesays.com\/ee\/wp-json\/wp\/v2\/media?parent=129149"}],"wp:term":[{"taxonomy":"category","embeddable":true,"href":"https:\/\/www.europesays.com\/ee\/wp-json\/wp\/v2\/categories?post=129149"},{"taxonomy":"post_tag","embeddable":true,"href":"https:\/\/www.europesays.com\/ee\/wp-json\/wp\/v2\/tags?post=129149"}],"curies":[{"name":"wp","href":"https:\/\/api.w.org\/{rel}","templated":true}]}}