{"id":129160,"date":"2026-03-14T16:51:27","date_gmt":"2026-03-14T16:51:27","guid":{"rendered":"https:\/\/www.europesays.com\/ee\/129160\/"},"modified":"2026-03-14T16:51:27","modified_gmt":"2026-03-14T16:51:27","slug":"iraagis-kukkus-alla-usa-tankurlennuk-valismaa","status":"publish","type":"post","link":"https:\/\/www.europesays.com\/ee\/129160\/","title":{"rendered":"Iraagis kukkus alla USA tankurlennuk | V\u00e4lismaa"},"content":{"rendered":"<p>USA keskv\u00e4ejuhatus (CENTCOM) teatas neljap\u00e4eval, et Iraagi l\u00e4\u00e4neosas kukkus alla tankurlennuk KC-135.<\/p>\n<p>CENTCOM teatas, et \u00fcks lennukitest kukkus alla L\u00e4\u00e4ne-Iraagis ja teine maandus turvaliselt. See ei juhtunud vaenlase ega ka omade tule t\u00f5ttu.\u00a0<\/p>\n<p>&#8220;Juhtum leidis aset s\u00f5bralikus \u00f5huruumis operatsiooni Epic Fury ajal ja p\u00e4\u00e4stet\u00f6\u00f6d on k\u00e4imas,&#8221; seisab CENTCOM-i avalduses.\u00a0<\/p>\n<p>Veebiv\u00e4ljaanne Politico kirjutab, et tegemist on neljanda \u00f5nnetusega alates s\u00f5ja algusest. Kuveit tulistas konflikti alguses kogemata alla kolm USA h\u00e4vitajat. K\u00f5ik kuus meeskonnaliiget katapulteerusid turvaliselt.<\/p>\n<p>Pentagoni teatel on s\u00f5jas hukkunud seitse USA s\u00f5jav\u00e4elast ning umbes 140 on saanud haavata.<\/p>\n<p>Pole veel selge, millal USA l\u00f5petab s\u00f5jategevuse Iraanis. Esmasp\u00e4eval \u00fctles USA president Donald Trump, et s\u00f5da on l\u00f5pule j\u00f5udmas. Neljap\u00e4eval \u00fctles aga Trump, et olukord Iraanis areneb v\u00e4ga kiiresti, vahendas <a href=\"https:\/\/www.politico.com\/news\/2026\/03\/12\/us-military-plane-crashes-in-iraq-amid-war-with-iran-00827233\" target=\"_blank\" rel=\"noopener nofollow\">Politico<\/a>.<\/p>\n","protected":false},"excerpt":{"rendered":"USA keskv\u00e4ejuhatus (CENTCOM) teatas neljap\u00e4eval, et Iraagi l\u00e4\u00e4neosas kukkus alla tankurlennuk KC-135. CENTCOM teatas, et \u00fcks lennukitest kukkus&hellip;\n","protected":false},"author":2,"featured_media":129161,"comment_status":"","ping_status":"","sticky":false,"template":"","format":"standard","meta":{"footnotes":"","_share_on_mastodon":"0"},"categories":[80],"tags":[26,27,37,33,35,34,36,31,32,21,4882,1925,28,29,95,19,25,59020,23,24,22,325,20,30,92,93,94],"class_list":["post-129160","post","type-post","status-publish","format-standard","has-post-thumbnail","category-maailm","tag-breaking-news","tag-breakingnews","tag-ee","tag-eesti","tag-eesti-keel","tag-estonia","tag-estonian","tag-featured-news","tag-featurednews","tag-headlines","tag-iraak","tag-iraan","tag-latest-news","tag-latestnews","tag-maailm","tag-news","tag-populaarseimad-lood","tag-tankurlennuk","tag-top-stories","tag-topstories","tag-uldised-uudised","tag-usa","tag-uudised","tag-viimased-uudised","tag-world","tag-world-news","tag-worldnews"],"share_on_mastodon":{"url":"https:\/\/pubeurope.com\/@ee\/116228566712000498","error":""},"_links":{"self":[{"href":"https:\/\/www.europesays.com\/ee\/wp-json\/wp\/v2\/posts\/129160","targetHints":{"allow":["GET"]}}],"collection":[{"href":"https:\/\/www.europesays.com\/ee\/wp-json\/wp\/v2\/posts"}],"about":[{"href":"https:\/\/www.europesays.com\/ee\/wp-json\/wp\/v2\/types\/post"}],"author":[{"embeddable":true,"href":"https:\/\/www.europesays.com\/ee\/wp-json\/wp\/v2\/users\/2"}],"replies":[{"embeddable":true,"href":"https:\/\/www.europesays.com\/ee\/wp-json\/wp\/v2\/comments?post=129160"}],"version-history":[{"count":0,"href":"https:\/\/www.europesays.com\/ee\/wp-json\/wp\/v2\/posts\/129160\/revisions"}],"wp:featuredmedia":[{"embeddable":true,"href":"https:\/\/www.europesays.com\/ee\/wp-json\/wp\/v2\/media\/129161"}],"wp:attachment":[{"href":"https:\/\/www.europesays.com\/ee\/wp-json\/wp\/v2\/media?parent=129160"}],"wp:term":[{"taxonomy":"category","embeddable":true,"href":"https:\/\/www.europesays.com\/ee\/wp-json\/wp\/v2\/categories?post=129160"},{"taxonomy":"post_tag","embeddable":true,"href":"https:\/\/www.europesays.com\/ee\/wp-json\/wp\/v2\/tags?post=129160"}],"curies":[{"name":"wp","href":"https:\/\/api.w.org\/{rel}","templated":true}]}}