{"id":129219,"date":"2026-03-14T19:23:08","date_gmt":"2026-03-14T19:23:08","guid":{"rendered":"https:\/\/www.europesays.com\/ee\/129219\/"},"modified":"2026-03-14T19:23:08","modified_gmt":"2026-03-14T19:23:08","slug":"hiilgav-kait-naasis-platsile-varava-ja-voiduga-kuusk-nihkus-eurokohale-lahemale-soccernet-ee","status":"publish","type":"post","link":"https:\/\/www.europesays.com\/ee\/129219\/","title":{"rendered":"Hiilgav! K\u00e4it naasis platsile v\u00e4rava ja v\u00f5iduga, Kuusk nihkus eurokohale l\u00e4hemale &#8211; Soccernet.ee"},"content":{"rendered":"<p><img decoding=\"async\" src=\"https:\/\/www.europesays.com\/ee\/wp-content\/uploads\/2026\/03\/1742942989.jpg\" alt=\"Mattias K\u00e4it. Foto: Liisi Troska \/ jalgpall.ee\"\/>&#13;\n<\/p>\n<p>Eesti meeste koondise poolkaitsja Mattias K\u00e4it naasis \u0160veitsi k\u00f5rgliigas Thuni eest v\u00e4ljakule, l\u00f5i v\u00e4rava ning tagas oma tiimile j\u00e4rjekordse v\u00f5idu, millega tiitlile l\u00e4hemale minna.<\/p>\n<p>Eelmises voorus tagareiega kimpus olnud ja m\u00e4ngu vahele j\u00e4tnud K\u00e4it oli kodumat\u0161is Z\u00fcrichi Grasshopperi vastu p\u00f5hirivistuses. Eestlasel kulus k\u00f5igest 33 minutit, et jalg lumesajus valgeks saada, kui ta nurgal\u00f6\u00f6gist tulnud palli posti k\u00f5rvale\u00a0vasakusse nurka veeretas.&#13;\n<\/p>\n<p>K\u00e4idi hooaja teine tabamus oli viigiv\u00e4ravaks, sest 17. minutil l\u00e4ks Maksim Paskot\u0161i endine leivaisa juhtima. 37. minutil haaras Thun juhtohjad ning teisel kolmveerandtunnil suurendati edumaa neljav\u00e4ravaliseks. Eduka t\u00f6\u00f6p\u00e4eva teinud K\u00e4it vahetati 77. minutil puhkama.&#13;\n<\/p>\n<p>23. v\u00f5idu saavutanud uustulnuk Thun liigub klubi ajaloo esimese tiitli suunas, kui 30 vooruga on neil kirjas 71 punkti. Edumaa \u00fche kohtumise v\u00e4hem pidanud St. Galleni ees on suisa 17 silma. Uues voorus s\u00f5idab Thun k\u00fclla Z\u00fcrichile, kus pallis m\u00f5ned aastad tagasi Karol Mets.<\/p>\n<blockquote class=\"instagram-media\" data-instgrm-captioned=\"\" data-instgrm-permalink=\"https:\/\/www.instagram.com\/p\/DV4CfK3iMvN\/?utm_source=ig_embed&amp;utm_campaign=loading\" data-instgrm-version=\"14\" style=\" background:#FFF; border:0; border-radius:3px; box-shadow:0 0 1px 0 rgba(0,0,0,0.5),0 1px 10px 0 rgba(0,0,0,0.15); margin: 1px; max-width:540px; min-width:326px; padding:0; width:99.375%; width:-webkit-calc(100% - 2px); width:calc(100% - 2px);\"><p>&#13;<br \/>\n&#13;\n<\/p><\/blockquote>\n<p>M\u00e4rten Kuuse koduklubi Katowice on n\u00fc\u00fcdseks v\u00f5itnud Poola k\u00f5rgliigas kolm m\u00e4ngu j\u00e4rjest ja asetseb viiendal real. Konverentsiliiga eelringi viiv neljas koht on neist \u00fche silma ja Meistrite liiga eelringi viiv teine positsioon kahe punkti kaugusel. Sel korral sai Katowice 2:0 jagu Lechiast ning Kuusk tegi kaasa k\u00f5ik 90 minutit.&#13;\n<\/p>\n<p>Dordrecht j\u00e4i Hollandi esiliigas 1:2 alla De Graafschapi v\u00f5istkonnale. Varupingil alustanud Martin Vetkal lasti v\u00e4ljakule 75. minutil, kui seis oli viigis. 42 punkti kogunud Dordrecht on hetkeseisul 20 tiimi seas \u00fcheksas.<\/p>\n<p>          <script async src=\"\/\/www.instagram.com\/embed.js\"><\/script><\/p>\n","protected":false},"excerpt":{"rendered":"&#13; Eesti meeste koondise poolkaitsja Mattias K\u00e4it naasis \u0160veitsi k\u00f5rgliigas Thuni eest v\u00e4ljakule, l\u00f5i v\u00e4rava ning tagas oma&hellip;\n","protected":false},"author":2,"featured_media":129220,"comment_status":"","ping_status":"","sticky":false,"template":"","format":"standard","meta":{"footnotes":"","_share_on_mastodon":"0"},"categories":[18],"tags":[4971,37,33,35,917,34,36,6576,3092,33743,3093,19356,3095,4973,5651,19357,159,158,8582,4976],"class_list":["post-129219","post","type-post","status-publish","format-standard","has-post-thumbnail","category-sport","tag-dordrecht","tag-ee","tag-eesti","tag-eesti-keel","tag-eestlased-voorsil","tag-estonia","tag-estonian","tag-kait","tag-katowice","tag-kilmarnock","tag-kuusk","tag-larsen","tag-marten-kuusk","tag-martin-vetkal","tag-mattias-kait","tag-michael-schjonning-larse","tag-sport","tag-sports","tag-thun","tag-vetkal"],"share_on_mastodon":{"url":"https:\/\/pubeurope.com\/@ee\/116229164584058053","error":""},"_links":{"self":[{"href":"https:\/\/www.europesays.com\/ee\/wp-json\/wp\/v2\/posts\/129219","targetHints":{"allow":["GET"]}}],"collection":[{"href":"https:\/\/www.europesays.com\/ee\/wp-json\/wp\/v2\/posts"}],"about":[{"href":"https:\/\/www.europesays.com\/ee\/wp-json\/wp\/v2\/types\/post"}],"author":[{"embeddable":true,"href":"https:\/\/www.europesays.com\/ee\/wp-json\/wp\/v2\/users\/2"}],"replies":[{"embeddable":true,"href":"https:\/\/www.europesays.com\/ee\/wp-json\/wp\/v2\/comments?post=129219"}],"version-history":[{"count":0,"href":"https:\/\/www.europesays.com\/ee\/wp-json\/wp\/v2\/posts\/129219\/revisions"}],"wp:featuredmedia":[{"embeddable":true,"href":"https:\/\/www.europesays.com\/ee\/wp-json\/wp\/v2\/media\/129220"}],"wp:attachment":[{"href":"https:\/\/www.europesays.com\/ee\/wp-json\/wp\/v2\/media?parent=129219"}],"wp:term":[{"taxonomy":"category","embeddable":true,"href":"https:\/\/www.europesays.com\/ee\/wp-json\/wp\/v2\/categories?post=129219"},{"taxonomy":"post_tag","embeddable":true,"href":"https:\/\/www.europesays.com\/ee\/wp-json\/wp\/v2\/tags?post=129219"}],"curies":[{"name":"wp","href":"https:\/\/api.w.org\/{rel}","templated":true}]}}