{"id":129223,"date":"2026-03-14T19:34:10","date_gmt":"2026-03-14T19:34:10","guid":{"rendered":"https:\/\/www.europesays.com\/ee\/129223\/"},"modified":"2026-03-14T19:34:10","modified_gmt":"2026-03-14T19:34:10","slug":"pm-otepaal-eesti-fannid-valmistasid-laskesuusa-superstaarile-suure-ullatuse-voistlen-nagu-kodus-postimees-sport","status":"publish","type":"post","link":"https:\/\/www.europesays.com\/ee\/129223\/","title":{"rendered":"PM OTEP\u00c4\u00c4L Eesti f\u00e4nnid valmistasid laskesuusa superstaarile suure \u00fcllatuse: v\u00f5istlen nagu kodus! &#8211; Postimees Sport"},"content":{"rendered":"<ol>\n<li><a href=\"https:\/\/news.google.com\/rss\/articles\/CBMiygFBVV95cUxQV2RmRnU0bzRLbXVGNHJETU1YY3VxOGplSE9sVTM3UGtfWWl4MkIzWU5sSVVoTFdvanZKUE8zZzFvcjh6WW5VLU5vNVZTSUx2TVFxZ0Nmc1BUa2ZHSVRkYmZlUlN6dE94RjNRTGd1TmdZdGVsa0FVU2dobkVDR043alNtUkVxc2dSQ18xelJ4WHYwLWRZRHFJbTNxYU1NQ2h0Z0VOcjdfemxQVGtOZ1M2aUIyLXZ0eUVzaXJoMUVJcnpMWDIxSlVZb1Nn?oc=5\" target=\"_blank\" rel=\"nofollow noopener\">PM OTEP\u00c4\u00c4L Eesti f\u00e4nnid valmistasid laskesuusa superstaarile suure \u00fcllatuse: v\u00f5istlen nagu kodus!<\/a>&nbsp;&nbsp;Postimees Sport<\/li>\n<li><a href=\"https:\/\/news.google.com\/rss\/articles\/CBMijwFBVV95cUxQbTloNm43bzgtVnQ1Q0V1dE1sWDBNeTRLaWd2R1pRRTZpUmZ5Z0N4VEZCTGM4NzJXZUp4ekZUcUFBYURHNk1sTkhDXzlRTzBDV2txUFMtYW1wZ0ZBTDMweGM5aHBPTm9MbGpYR1BtTlFkYVladGFrWkh0TDFpckhIM1NkNlRsenBwbGpXRW5oVQ?oc=5\" target=\"_blank\" rel=\"nofollow noopener\">Naiste j\u00e4lituss\u00f5itu valitses Vittozzi, K\u00fclm sai 18. koha<\/a>&nbsp;&nbsp;sport | ERR<\/li>\n<li><a href=\"https:\/\/news.google.com\/rss\/articles\/CBMipAFBVV95cUxQX0h1dXNuam9IOVplOTkzSmo2aWNkVHNLVXRKeVpQNVFMNUdIUThCd0pyVTFabl9sQmxQLW53ME5WTk9yckY2SWM0RWR5OFVpOTJKSVV2VzRpYTlkNXpySWtFN3VjRGpjQnNrODdCeHhyWk1EMVk2bGd6SERZZDdOLTJQMGlpcXZxZWZTUzF6S2JNbXJMOVV2OExnY3VvZFdZVDlwVQ?oc=5\" target=\"_blank\" rel=\"nofollow noopener\">Susan K\u00fclm v\u00f5ttis erakordse j\u00e4lituss\u00f5idu kokku kolme s\u00f5napaariga<\/a>&nbsp;&nbsp;\u00d5htuleht<\/li>\n<li><a href=\"https:\/\/news.google.com\/rss\/articles\/CBMisgFBVV95cUxQNXRvTl9QWWZnOUZtamw2SnlYcWFad3NvSDNqWXFOVTlueW5jM2dHSmpsNmNST2Rwc1BVdnQ1YlUwaDNEbURoVk13aDk5QkhYako5S09iemVmbm9WRXhRZFdHYkhnTENvOWxpdk1QQll3ckhHaGlVS1dDOFJIbGxwNWlWeEF3eWx4QlJyVFRfbGN1UTNqVnBHVEwzMWd6TlpySzVPcGRjQW9mVXgtOFRzMHl3?oc=5\" target=\"_blank\" rel=\"nofollow noopener\">\u201e\u00dcli\u00e4ge oli!\u201c Koduv\u00e4ljaku jumalad aitasid Susan K\u00fclma Otep\u00e4\u00e4l esik\u00fcmnesse<\/a>&nbsp;&nbsp;Delfi Sport<\/li>\n<li><a href=\"https:\/\/news.google.com\/rss\/articles\/CBMiP0FVX3lxTFB5dWI2a0M2WWF6T1lFcm9OcTlobTdUekpzbHJGaUQ0djR6bzlQNkQtZU5QdzBXa2xURnZFeWdpNA?oc=5\" target=\"_blank\" rel=\"nofollow noopener\">T\u00c4NA OTSE | Kas K\u00fclmal \u00f5nnestub kodupubliku ees taas esik\u00fcmnesse tulla?<\/a>&nbsp;&nbsp;Uudis.net<\/li>\n<\/ol>\n","protected":false},"excerpt":{"rendered":"PM OTEP\u00c4\u00c4L Eesti f\u00e4nnid valmistasid laskesuusa superstaarile suure \u00fcllatuse: v\u00f5istlen nagu kodus!&nbsp;&nbsp;Postimees Sport Naiste j\u00e4lituss\u00f5itu valitses Vittozzi, K\u00fclm&hellip;\n","protected":false},"author":2,"featured_media":129224,"comment_status":"","ping_status":"","sticky":false,"template":"","format":"standard","meta":{"footnotes":"","_share_on_mastodon":"0"},"categories":[18],"tags":[37,33,35,34,36,58789,2095,159,158,29354],"class_list":["post-129223","post","type-post","status-publish","format-standard","has-post-thumbnail","category-sport","tag-ee","tag-eesti","tag-eesti-keel","tag-estonia","tag-estonian","tag-otepaa-mk","tag-otepaa-mk-etapp","tag-sport","tag-sports","tag-suvi-minkkinen"],"share_on_mastodon":{"url":"https:\/\/pubeurope.com\/@ee\/116229207666660225","error":""},"_links":{"self":[{"href":"https:\/\/www.europesays.com\/ee\/wp-json\/wp\/v2\/posts\/129223","targetHints":{"allow":["GET"]}}],"collection":[{"href":"https:\/\/www.europesays.com\/ee\/wp-json\/wp\/v2\/posts"}],"about":[{"href":"https:\/\/www.europesays.com\/ee\/wp-json\/wp\/v2\/types\/post"}],"author":[{"embeddable":true,"href":"https:\/\/www.europesays.com\/ee\/wp-json\/wp\/v2\/users\/2"}],"replies":[{"embeddable":true,"href":"https:\/\/www.europesays.com\/ee\/wp-json\/wp\/v2\/comments?post=129223"}],"version-history":[{"count":0,"href":"https:\/\/www.europesays.com\/ee\/wp-json\/wp\/v2\/posts\/129223\/revisions"}],"wp:featuredmedia":[{"embeddable":true,"href":"https:\/\/www.europesays.com\/ee\/wp-json\/wp\/v2\/media\/129224"}],"wp:attachment":[{"href":"https:\/\/www.europesays.com\/ee\/wp-json\/wp\/v2\/media?parent=129223"}],"wp:term":[{"taxonomy":"category","embeddable":true,"href":"https:\/\/www.europesays.com\/ee\/wp-json\/wp\/v2\/categories?post=129223"},{"taxonomy":"post_tag","embeddable":true,"href":"https:\/\/www.europesays.com\/ee\/wp-json\/wp\/v2\/tags?post=129223"}],"curies":[{"name":"wp","href":"https:\/\/api.w.org\/{rel}","templated":true}]}}