{"id":129309,"date":"2026-03-14T22:19:15","date_gmt":"2026-03-14T22:19:15","guid":{"rendered":"https:\/\/www.europesays.com\/ee\/129309\/"},"modified":"2026-03-14T22:19:15","modified_gmt":"2026-03-14T22:19:15","slug":"luup-peale-sokk-unitedi-maestro-tombas-vurri-kaima-ja-vaprus-ei-saanud-enam-midagi-aru-galerii-soccernet-ee","status":"publish","type":"post","link":"https:\/\/www.europesays.com\/ee\/129309\/","title":{"rendered":"Luup peale | \u0160okk! Unitedi maestro t\u00f5mbas vurri k\u00e4ima ja Vaprus ei saanud enam midagi aru (galerii!) &#8211; Soccernet.ee"},"content":{"rendered":"<p><a href=\"https:\/\/soccernet.ee\/fotod\/pl-fc-nomme-united-parnu-jk-vaprus2\" rel=\"nofollow noopener\" target=\"_blank\"><img decoding=\"async\" src=\"https:\/\/www.europesays.com\/ee\/wp-content\/uploads\/2026\/03\/1773515638.jpg\" alt=\"Zakaria Beglari\u0161vili jalas on k\u00fcll ja veel p\u00fcssirohtu. Foto: Janek Eslon\"\/><\/a>&#13;\n<\/p>\n<p>Premium liiga avavoorus Paide Linnameeskonda \u0161okeerinud P\u00e4rnu Vaprus lagunes teises voorus ise, sest uustulnuk N\u00f5mme United k\u00fcttis nende v\u00e4ravav\u00f5rgud kuumaks ja sai kirja uskumatuna tunduva 7:1 v\u00f5idu.<\/p>\n<ul>&#13;<\/p>\n<li>Vaata Janek Esloni fotogaleriid m\u00e4ngust \u00fclevaate l\u00f5pust!<\/li>\n<p>&#13;\n<\/ul>\n<p>M\u00e4ng kuulus algusest peale Unitedile, kes haaras kohe initsiatiivi ning j\u00f5udis sihile juba 8. minutil, kui Zakaria Beglari\u0161vili saatis Henri J\u00e4rvelaiu s\u00f6\u00f6du j\u00e4rel efektse \u00fchepuutel\u00f6\u00f6gi 15 meetrilt lati alla &#8211; 1:0! V\u00e4hem kui k\u00fcmme minutit hiljem sai J\u00e4rvelaid &#8220;hokis\u00f6\u00f6du&#8221; ja Beglari\u0161vili v\u00e4ravas\u00f6\u00f6du, kui\u00a0Dacosta Owusu 12 meetrilt palli ristnurka l\u00e4kitas &#8211; 2:0!&#13;\n<\/p>\n<p><a href=\"https:\/\/soccernet.ee\/fotod\/pl-fc-nomme-united-parnu-jk-vaprus2\" rel=\"nofollow noopener\" target=\"_blank\"><img decoding=\"async\" src=\"https:\/\/www.europesays.com\/ee\/wp-content\/uploads\/2026\/03\/1773515653.jpg\" alt=\"Foto: Janek Eslon\"\/><\/a>&#13;\n<\/p>\n<p>Vaprus kosus poolaja keskpaigas ja Joonas Silla \u00fclikaugl\u00f6\u00f6k tabas latti, kuid paremad v\u00e4ljam\u00e4ngitud v\u00f5imalused avanesid j\u00e4tkuvalt Unitedile. Ometi p\u00e4\u00e4ses Vaprus vaheajale minimaalses kaotusseisus, sest J\u00e4rvelaid tabas palli klaarides Matthias Limbergi jalga ning tulemuseks oli penalti, mille Henri V\u00e4lja 37. minutil realiseeris &#8211; 2:1!&#13;\n<\/p>\n<p>Teise poolaja alguses l\u00e4ks United ikkagi kiirelt oma teed. 48. minutil t\u00f5stis Owusu palli v\u00e4rava eest l\u00e4bi ning J\u00e4rvelaid suunas selle viiekastinurga juurest kaugema posti k\u00f5rvale &#8211; 3:1! Viis minutit hiljem leidis Beglari\u0161vili m\u00f5\u00f5detud s\u00f6\u00f6t v\u00e4rava eest Jaapani keskkaitsja\u00a0Yosuke Morishige, kel oli aega end palliga \u00fcmbergi p\u00f6\u00f6rata, enne kui ta selle v\u00f5rku saatis &#8211; 4:1!&#13;\n<\/p>\n<p>60. minutil vahetusest sekkunud Egert \u00d5unapuul kulus vaid k\u00fcmme minutit, et Beglari\u0161vili l\u00e4bis\u00f6\u00f6du toel jalg valgeks saada &#8211; 5:1! Ning juba 74. minutil skooris ta uuesti, kui pika audi j\u00e4rel j\u00e4i pall karistusalasse p\u00f5rkama, kuni Koen Oostenbrink selle talle penaltipunkti taha s\u00f6\u00f6tis &#8211; 6:1! Punkti pani v\u00e4ravasajule Sambia keskkaitsja\u00a0Ricky Chanda, kes koksas peaga v\u00f5rku Andre Frolovi karistusl\u00f6\u00f6gist tulnud palli &#8211; 7:1!\u00a0Soccernet.ee t\u00e4helepanekud:&#13;\n<\/p>\n<p>1. Kes osanuks seda oodata?&#13;\n<\/p>\n<p>Unitedi suureskooriline v\u00f5it vastas igati m\u00e4ngupildile, sest Vaprust domineeriti esimestest minutitest peale. Ise tekitati pidevalt v\u00e4ravaohtu ja p\u00e4rnakatele lubati seda minimaalselt, j\u00f5udude vahekord j\u00e4i samaks ka teisel poolajal tehtud vahetuste j\u00e4rel. \u00dchel v\u00f5istkonnal \u00f5nnestus k\u00f5ik ja teisel mitte midagi.<\/p>\n<p>Ent vaevalt oskas keegi enne m\u00e4ngu sellist j\u00f5udemonstratsiooni oodata. Vaprus kehtestas end ju eelmisel hooajal tabeli keskmikuna ning alustas ka t\u00e4navust hooaega lennukalt, alistades avavoorus Paide Linnameeskonna. N\u00f5mme Unitedi eelmine hooaeg Premium liigas l\u00f5ppes aga s\u00fcgaval tabeli p\u00f5hjas ning ka uut tulemist alustati kaotusega Flora vastu.&#13;\n<\/p>\n<p>Unitedi tunamullune deb\u00fc\u00fcthooaeg t\u00f5i neile terve hooaja peale vaid kaks v\u00f5itu ja 22 v\u00e4ravat, nii et n\u00fc\u00fcd l\u00f6\u00f6di \u00fche m\u00e4nguga sellest m\u00f5\u00f5dust peaaegu kolmandik t\u00e4is. Vaprus oli aga eelmisel aastal veel ise meeskonnaks, kes vastastele saunapidusid korraldas, terve hooaja jooksul ei kaotanud nad ise \u00fchtegi m\u00e4ngu suuremalt kui kolme v\u00e4ravaga. Viimati kaotas Vaprus kuue v\u00e4ravaga 2022. aasta oktoobris, j\u00e4\u00e4des samuti 1:7 alla FC Florale.&#13;\n<\/p>\n<p>Pauk luuavarrest v\u00f5i m\u00e4rk suurtest muutustest? Saame n\u00e4ha.&#13;\n<\/p>\n<p><a href=\"https:\/\/soccernet.ee\/fotod\/pl-fc-nomme-united-parnu-jk-vaprus2\" rel=\"nofollow noopener\" target=\"_blank\"><img decoding=\"async\" src=\"https:\/\/www.europesays.com\/ee\/wp-content\/uploads\/2026\/03\/1773515647.jpg\" alt=\"Foto: Janek Eslon\"\/><\/a>&#13;\n<\/p>\n<p>2. Unitedi \u00f5ppetunnid&#13;\n<\/p>\n<p>Vapruse totaalne lagunemine on eraldiv\u00f5etuna kindlasti \u00fcllatavam kui Unitedi j\u00f5udemonstratsioon, sest n\u00f5mmekad veetsid eelmise hooaja Esiliigas, domineerides seal k\u00f5igi vastaste vastu, ning nende suutlikkus end n\u00fc\u00fcd k\u00f5rgseltskonnas kehtestada oli paljuski teadmata.<\/p>\n<p>Senin\u00e4htu kinnitab usku, et United on oma esimesest k\u00f5rgliigahooajast \u00f5ppust v\u00f5tnud. Seekord j\u00e4\u00e4di Premium liigasse t\u00f5ustes truuks kokkum\u00e4nginud meeskonnale ning suuremad \u00fcleminekud tehti \u00e4ra juba aasta eest Esiliigasse langedes. Ka peatreener\u00a0Slawomir Cisakowski j\u00e4i paika ja nii toimib United praegu \u00fchtse l\u00f6\u00f6girusikana, kus jagub nii kogemust ja kvaliteeti kui ka talenti ja uljust. Tegemist on kooslusega, mis ongi harjunud v\u00f5itma ja kuhjaga v\u00e4ravaid l\u00f6\u00f6ma.&#13;\n<\/p>\n<p>3. Kolm deb\u00fctanti&#13;\n<\/p>\n<p>\u00dchepoolne skoor pakkus treeneritele v\u00f5imaluse teisel poolajal julgelt vahetamiseks. Premium liiga deb\u00fc\u00fcdi said kirja nii Vapruse 16-aastane poolkaitsja\u00a0Ako Henno K\u00f5rre kui ka N\u00f5mme Unitedi 18-aastane poolkaitsja Gert Kabal ja 19-aastane poolkaitsja Rico Palu.&#13;\n<\/p>\n<p>4. M\u00e4ngu parim &#8211; Zakaria Beglari\u0161vili&#13;\n<\/p>\n<p>\u00dcks pluss kolm t\u00f5stis Unitedi keskv\u00e4ljamaestro hoobilt Premium liiga resultatiivsustabeli tippu. Koos Dacosta Owusu ja Henri J\u00e4rvelaiuga moodustas ta kolmiku, mis t\u00f5mbas Vapruse kaitsjatel kohe m\u00e4ngu alguses pea ringi k\u00e4ima, kombineerides vurrina \u00fche v\u00f5imaluse teise j\u00e4rel.<\/p>\n","protected":false},"excerpt":{"rendered":"&#13; Premium liiga avavoorus Paide Linnameeskonda \u0161okeerinud P\u00e4rnu Vaprus lagunes teises voorus ise, sest uustulnuk N\u00f5mme United k\u00fcttis&hellip;\n","protected":false},"author":2,"featured_media":129310,"comment_status":"","ping_status":"","sticky":false,"template":"","format":"standard","meta":{"footnotes":"","_share_on_mastodon":"0"},"categories":[18],"tags":[37,33,35,34,36,1725,1726,837,1813,1621,167,159,158,698,2331,1622],"class_list":["post-129309","post","type-post","status-publish","format-standard","has-post-thumbnail","category-sport","tag-ee","tag-eesti","tag-eesti-keel","tag-estonia","tag-estonian","tag-luup","tag-luup-peale","tag-meistriliiga","tag-nomme-united","tag-parnu-vaprus","tag-premium-liiga","tag-sport","tag-sports","tag-ulevaade","tag-united","tag-vaprus"],"share_on_mastodon":{"url":"https:\/\/pubeurope.com\/@ee\/116229856544597265","error":""},"_links":{"self":[{"href":"https:\/\/www.europesays.com\/ee\/wp-json\/wp\/v2\/posts\/129309","targetHints":{"allow":["GET"]}}],"collection":[{"href":"https:\/\/www.europesays.com\/ee\/wp-json\/wp\/v2\/posts"}],"about":[{"href":"https:\/\/www.europesays.com\/ee\/wp-json\/wp\/v2\/types\/post"}],"author":[{"embeddable":true,"href":"https:\/\/www.europesays.com\/ee\/wp-json\/wp\/v2\/users\/2"}],"replies":[{"embeddable":true,"href":"https:\/\/www.europesays.com\/ee\/wp-json\/wp\/v2\/comments?post=129309"}],"version-history":[{"count":0,"href":"https:\/\/www.europesays.com\/ee\/wp-json\/wp\/v2\/posts\/129309\/revisions"}],"wp:featuredmedia":[{"embeddable":true,"href":"https:\/\/www.europesays.com\/ee\/wp-json\/wp\/v2\/media\/129310"}],"wp:attachment":[{"href":"https:\/\/www.europesays.com\/ee\/wp-json\/wp\/v2\/media?parent=129309"}],"wp:term":[{"taxonomy":"category","embeddable":true,"href":"https:\/\/www.europesays.com\/ee\/wp-json\/wp\/v2\/categories?post=129309"},{"taxonomy":"post_tag","embeddable":true,"href":"https:\/\/www.europesays.com\/ee\/wp-json\/wp\/v2\/tags?post=129309"}],"curies":[{"name":"wp","href":"https:\/\/api.w.org\/{rel}","templated":true}]}}