{"id":129314,"date":"2026-03-14T22:30:08","date_gmt":"2026-03-14T22:30:08","guid":{"rendered":"https:\/\/www.europesays.com\/ee\/129314\/"},"modified":"2026-03-14T22:30:08","modified_gmt":"2026-03-14T22:30:08","slug":"vagev-kabore-silme-all-jala-valgeks-saanud-larsen-kukutas-sotimaa-liidri-soccernet-ee","status":"publish","type":"post","link":"https:\/\/www.europesays.com\/ee\/129314\/","title":{"rendered":"V\u00e4gev! Kabore silme all jala valgeks saanud Larsen kukutas \u0160otimaa liidri &#8211; Soccernet.ee"},"content":{"rendered":"<p><img decoding=\"async\" src=\"https:\/\/www.europesays.com\/ee\/wp-content\/uploads\/2026\/03\/1728937163.jpg\" alt=\"Michael Schj\u00f6nning-Larsen l\u00f5i \u0160otimaal esimese v\u00e4rava. Foto: Jana Pipar\"\/>&#13;\n<\/p>\n<p>\u0160otimaa k\u00f5rgliigas l\u00e4ksid vastamisi aasta tagasi Premium liigas m\u00e4nginud Michael Schj\u00f6nning-Larsen ja alates mullu suvest Heartsis palliv Landry Kabore. 1:0 triumfiga j\u00e4id peale Kilmarnock ja Schj\u00f6nning-Larsen, kes hoolitses v\u00f5idutabamuse eest.<\/p>\n<p>Eesti meeste koondist 18 korda esindanud Schj\u00f6nning-Larsen sai oma k\u00fcmnendas \u0160otimaa k\u00f5rgliiga kohtumises kirja deb\u00fc\u00fctv\u00e4rava, kui 17. minutil liikus karistusala nurgast v\u00e4rava ette pall, mille 25-aastane \u00e4\u00e4rekaitsja omakorda kodupubliku silme all v\u00f5rku toimetas.&#13;\n<\/p>\n<blockquote class=\"twitter-tweet\"><p>&#13;<\/p>\n<p lang=\"en\" dir=\"ltr\">Mon the Killie \ud83d\ude06 <a href=\"https:\/\/t.co\/pEjuFeHGLk\" rel=\"nofollow\">pic.twitter.com\/pEjuFeHGLk<\/a>&#13;<br \/>\n\u2014 Kilmarnock FC (@KilmarnockFC) <a href=\"https:\/\/twitter.com\/KilmarnockFC\/status\/2032916253812072542?ref_src=twsrc%5Etfw\" rel=\"nofollow noopener\" target=\"_blank\">March 14, 2026<\/a><\/p>\n<\/blockquote>\n<p>Mullu detsembris Kilmarnockiga pooleteiseks aastaks k\u00e4ed l\u00f6\u00f6nud Larsenit jagus v\u00e4ljakule 70 minutiks. P\u00e4rast seda \u00f5nnestus Taanis s\u00fcndinud m\u00e4ngija v\u00f5istkond eduseisust k\u00fcmne k\u00fc\u00fcnega kinni hoida. Endine Narva Transi r\u00fcndaja Kabore piirdus avapoolajaga.&#13;\n<\/p>\n<p>\u0160otimaa tiitliralli on kujunenud \u00fctlemata p\u00f5nevaks, kui tavap\u00e4rased Glasgow&#8217; hiiud Celtic ja Rangers leiavad end tabelist \u00fcles vastavalt teiselt ja kolmandalt kohalt. 63 punkti kogunud Hearts on kolm vooru enne p\u00f5hiturniiri l\u00f5ppu esikohal, 24 silmaga Kilmarnock asetseb 11. real.<\/p>\n<p>          <script async src=\"https:\/\/platform.twitter.com\/widgets.js\" charset=\"utf-8\"><\/script><\/p>\n","protected":false},"excerpt":{"rendered":"&#13; \u0160otimaa k\u00f5rgliigas l\u00e4ksid vastamisi aasta tagasi Premium liigas m\u00e4nginud Michael Schj\u00f6nning-Larsen ja alates mullu suvest Heartsis palliv&hellip;\n","protected":false},"author":2,"featured_media":129315,"comment_status":"","ping_status":"","sticky":false,"template":"","format":"standard","meta":{"footnotes":"","_share_on_mastodon":"0"},"categories":[18],"tags":[37,33,35,917,34,36,7997,33743,7998,19356,19357,22995,38070,159,158],"class_list":["post-129314","post","type-post","status-publish","format-standard","has-post-thumbnail","category-sport","tag-ee","tag-eesti","tag-eesti-keel","tag-eestlased-voorsil","tag-estonia","tag-estonian","tag-kabore","tag-kilmarnock","tag-landry-kabore","tag-larsen","tag-michael-schjonning-larse","tag-schjonning-larsen","tag-sotimaa-korgliiga","tag-sport","tag-sports"],"share_on_mastodon":{"url":"https:\/\/pubeurope.com\/@ee\/116229899767636260","error":""},"_links":{"self":[{"href":"https:\/\/www.europesays.com\/ee\/wp-json\/wp\/v2\/posts\/129314","targetHints":{"allow":["GET"]}}],"collection":[{"href":"https:\/\/www.europesays.com\/ee\/wp-json\/wp\/v2\/posts"}],"about":[{"href":"https:\/\/www.europesays.com\/ee\/wp-json\/wp\/v2\/types\/post"}],"author":[{"embeddable":true,"href":"https:\/\/www.europesays.com\/ee\/wp-json\/wp\/v2\/users\/2"}],"replies":[{"embeddable":true,"href":"https:\/\/www.europesays.com\/ee\/wp-json\/wp\/v2\/comments?post=129314"}],"version-history":[{"count":0,"href":"https:\/\/www.europesays.com\/ee\/wp-json\/wp\/v2\/posts\/129314\/revisions"}],"wp:featuredmedia":[{"embeddable":true,"href":"https:\/\/www.europesays.com\/ee\/wp-json\/wp\/v2\/media\/129315"}],"wp:attachment":[{"href":"https:\/\/www.europesays.com\/ee\/wp-json\/wp\/v2\/media?parent=129314"}],"wp:term":[{"taxonomy":"category","embeddable":true,"href":"https:\/\/www.europesays.com\/ee\/wp-json\/wp\/v2\/categories?post=129314"},{"taxonomy":"post_tag","embeddable":true,"href":"https:\/\/www.europesays.com\/ee\/wp-json\/wp\/v2\/tags?post=129314"}],"curies":[{"name":"wp","href":"https:\/\/api.w.org\/{rel}","templated":true}]}}