{"id":129383,"date":"2026-03-15T05:17:07","date_gmt":"2026-03-15T05:17:07","guid":{"rendered":"https:\/\/www.europesays.com\/ee\/129383\/"},"modified":"2026-03-15T05:17:07","modified_gmt":"2026-03-15T05:17:07","slug":"intervjuu-rahvusvahelise-laskesuusaliidu-suur-juht-kuniks-venemaad-pole-mangus-on-eesti-tulevikuvaade-parem-postimees-sport","status":"publish","type":"post","link":"https:\/\/www.europesays.com\/ee\/129383\/","title":{"rendered":"INTERVJUU Rahvusvahelise laskesuusaliidu suur juht: kuniks Venemaad pole m\u00e4ngus, on Eesti tulevikuvaade parem &#8211; Postimees Sport"},"content":{"rendered":"<ol>\n<li><a href=\"https:\/\/news.google.com\/rss\/articles\/CBMi2gFBVV95cUxQMXAxNnVmNzZxdDZDclRhMGw2eHJrYUFRQlg1UVM3elliRTNkWjVKa05XQ19GcTlodVBnZ1FFazVpMjMwMFJYVS1SLUNaaWpUdC0zY3JMVWFkdVdYM3VybV9fSUVfY01jRU1mSUUzbzVaNDVDVlpvbFQzeHlnVzVZRGxRRy1ZVG9qYmoxUFR6eTdWNUc4LVFTRkxyNm9HODd5NDd5QkwzMVNLVzU1Q1NBdnlBOU11d2pZcnJwdHVBS3BNbXlSbEVCUjhOODYwOXp6Z1BLTmxoOFdXZw?oc=5\" target=\"_blank\" rel=\"nofollow noopener\">INTERVJUU Rahvusvahelise laskesuusaliidu suur juht: kuniks Venemaad pole m\u00e4ngus, on Eesti tulevikuvaade parem<\/a>&nbsp;&nbsp;Postimees Sport<\/li>\n<li><a href=\"https:\/\/news.google.com\/rss\/articles\/CBMiswFBVV95cUxPMHI1dTRGRW1ockQ5bmVzNHpmVjRWc1M1WVNvaDBJYmNqYVRuMlJhV19BNHpUQjQ4Q1l6dnJBTnREdDZJYzF6QWxOaGh0N1FwYVlSLV9qd19ONWdQOW1QU3hmUGdIX3JSZ2hydVQyR09UcWFRZVA4VTE3dXhURmpqdm1vV0FiZnZZY2pDdFI0Q3VCUEJqTGVRVFYzOEJyem5YWnhhTC1nQjV0eGZxLWgya20zaw?oc=5\" target=\"_blank\" rel=\"nofollow noopener\">VARUPADRUN OTSE \u27e9 Kalmet ja Niinemets eetris Otep\u00e4\u00e4lt, k\u00fclalisteks K\u00fclm ja Siimer<\/a>&nbsp;&nbsp;Postimees Sport<\/li>\n<li><a href=\"https:\/\/news.google.com\/rss\/articles\/CBMihwJBVV95cUxNRDk5dW5TRjNPUmk0NjFfS3dfc1FPc05yTDlaMi1KRFh5SERaOTNqeHlCRTZqQ05VcUE1d2VFQW1tbHdLVzd0Vmw1T05maGt1QXJLYnB1ZmRwQjNjb29UY3VCeHdHM1N6LXd5TndMNmF2RGlfV1gtRk9Cb1lob1BCbXBpa2llTWp2RkhyWEpQRGV2UVRIVG5Bd2tuLUt6TEZGRHF1bFJBcFF4T1U1UmxuSXREYWpJaTNnS183cmlXbktJY2xfWVZ5V1BGV0R5YXo0V2VzTVNMQWJmSkx2SE5RT0NlWXdsUENsaVVpUXlGTzdwZk5PNVVEYVZvWm5yb1dHMkg5NjVtWQ?oc=5\" target=\"_blank\" rel=\"nofollow noopener\">VIDEO | \u201eNii v\u00f5\u00f5rad n\u00e4od \u2013 kust te need pildid v\u00f5tnud olete?!\u201c Kui h\u00e4sti tunneb Otep\u00e4\u00e4 rahvas Ermitsat, Marek Sanderit ja teisi laskesuusasangareid?<\/a>&nbsp;&nbsp;\u00d5htuleht<\/li>\n<li><a href=\"https:\/\/news.google.com\/rss\/articles\/CBMivAFBVV95cUxNV3pRQ3ZjcDAxblZOWlRzVkI4WUctS1pxQWJVTEZZay1DZHg3MU5BbU40U2tHMVBmLWZ5ZTFmQmMtSDhrSERkSnJFN2RNbDFhWld5aUVLc2xMUlFPQmdPWWNpSzctTmNkbjZnOUF0S0VTLTNnREZTaGFMSVFxeWQ2TnZrYjhMcWp0OTJqU3FYb0QzaDJBMi1TRHJKdnY5NEkxclM1bVFDTGxYcFJmZnpvV3MtUzJfeEl3WXhhUA?oc=5\" target=\"_blank\" rel=\"nofollow noopener\">FOTOD | Tartu lennujaama saabunud laskesuusat\u00e4htedele korraldati nunnu vastuv\u00f5tt<\/a>&nbsp;&nbsp;Delfi Sport<\/li>\n<li><a href=\"https:\/\/news.google.com\/rss\/articles\/CBMiP0FVX3lxTFBRdHNFOVMtdktmRG1KZUFyY1BaclNCYUFEZUIzYmJvOEJkRk9Idlh0REpoRVY4YUFWdzY0RTU5MA?oc=5\" target=\"_blank\" rel=\"nofollow noopener\">Algas piletim\u00fc\u00fck laskesuusatamise maailmameistriv\u00f5istlustele Otep\u00e4\u00e4l<\/a>&nbsp;&nbsp;Uudis.net<\/li>\n<\/ol>\n","protected":false},"excerpt":{"rendered":"INTERVJUU Rahvusvahelise laskesuusaliidu suur juht: kuniks Venemaad pole m\u00e4ngus, on Eesti tulevikuvaade parem&nbsp;&nbsp;Postimees Sport VARUPADRUN OTSE \u27e9 Kalmet&hellip;\n","protected":false},"author":2,"featured_media":129384,"comment_status":"","ping_status":"","sticky":false,"template":"","format":"standard","meta":{"footnotes":"","_share_on_mastodon":"0"},"categories":[18],"tags":[59079,37,33,35,34,36,2096,2998,58789,2095,31479,159,158,96],"class_list":["post-129383","post","type-post","status-publish","format-standard","has-post-thumbnail","category-sport","tag-daniel-bohm","tag-ee","tag-eesti","tag-eesti-keel","tag-estonia","tag-estonian","tag-ibu","tag-laskesuusatamine","tag-otepaa-mk","tag-otepaa-mk-etapp","tag-rahvusvaheline-laskesuusaliit","tag-sport","tag-sports","tag-venemaa"],"share_on_mastodon":{"url":"https:\/\/pubeurope.com\/@ee\/116231500092539129","error":""},"_links":{"self":[{"href":"https:\/\/www.europesays.com\/ee\/wp-json\/wp\/v2\/posts\/129383","targetHints":{"allow":["GET"]}}],"collection":[{"href":"https:\/\/www.europesays.com\/ee\/wp-json\/wp\/v2\/posts"}],"about":[{"href":"https:\/\/www.europesays.com\/ee\/wp-json\/wp\/v2\/types\/post"}],"author":[{"embeddable":true,"href":"https:\/\/www.europesays.com\/ee\/wp-json\/wp\/v2\/users\/2"}],"replies":[{"embeddable":true,"href":"https:\/\/www.europesays.com\/ee\/wp-json\/wp\/v2\/comments?post=129383"}],"version-history":[{"count":0,"href":"https:\/\/www.europesays.com\/ee\/wp-json\/wp\/v2\/posts\/129383\/revisions"}],"wp:featuredmedia":[{"embeddable":true,"href":"https:\/\/www.europesays.com\/ee\/wp-json\/wp\/v2\/media\/129384"}],"wp:attachment":[{"href":"https:\/\/www.europesays.com\/ee\/wp-json\/wp\/v2\/media?parent=129383"}],"wp:term":[{"taxonomy":"category","embeddable":true,"href":"https:\/\/www.europesays.com\/ee\/wp-json\/wp\/v2\/categories?post=129383"},{"taxonomy":"post_tag","embeddable":true,"href":"https:\/\/www.europesays.com\/ee\/wp-json\/wp\/v2\/tags?post=129383"}],"curies":[{"name":"wp","href":"https:\/\/api.w.org\/{rel}","templated":true}]}}