{"id":129458,"date":"2026-03-15T08:37:14","date_gmt":"2026-03-15T08:37:14","guid":{"rendered":"https:\/\/www.europesays.com\/ee\/129458\/"},"modified":"2026-03-15T08:37:14","modified_gmt":"2026-03-15T08:37:14","slug":"hoone-ilma-tulevikuta-endine-eesti-meremeeste-pelgupaik-paljassaares-on-saatusele-vastu-seisnud-juba-25-aastat","status":"publish","type":"post","link":"https:\/\/www.europesays.com\/ee\/129458\/","title":{"rendered":"Hoone ilma tulevikuta? Endine Eesti meremeeste pelgupaik Paljassaares on saatusele vastu seisnud juba 25 aastat"},"content":{"rendered":"<p>Kunagi kees siin elu, l\u00e4bip\u00f5imunud mereromantikaga: siin ootasid \u00fchest reisist teiseni kalalaevade meremehed, kes olid p\u00e4rit muudest linnadest, siia saabusid nende naised, et v\u00f5tta vastu meresoola ja kala j\u00e4rele l\u00f5hnavaid abikaasasid p\u00e4rast pikka ja r\u00e4nka meres\u00f5itu. Siin kihas tantsuplats, altk\u00e4emaksuga m\u00fc\u00fcdi moekaid v\u00e4lismaiseid hilpe, baaris valati heldelt\u2026<\/p>\n","protected":false},"excerpt":{"rendered":"Kunagi kees siin elu, l\u00e4bip\u00f5imunud mereromantikaga: siin ootasid \u00fchest reisist teiseni kalalaevade meremehed, kes olid p\u00e4rit muudest linnadest,&hellip;\n","protected":false},"author":2,"featured_media":129459,"comment_status":"","ping_status":"","sticky":false,"template":"","format":"standard","meta":{"footnotes":"","_share_on_mastodon":"0"},"categories":[80],"tags":[26,27,37,33,35,34,36,31,32,21,28,29,95,19,33464,25,23,24,22,20,30,92,93,94],"class_list":["post-129458","post","type-post","status-publish","format-standard","has-post-thumbnail","category-maailm","tag-breaking-news","tag-breakingnews","tag-ee","tag-eesti","tag-eesti-keel","tag-estonia","tag-estonian","tag-featured-news","tag-featurednews","tag-headlines","tag-latest-news","tag-latestnews","tag-maailm","tag-news","tag-paljassaare","tag-populaarseimad-lood","tag-top-stories","tag-topstories","tag-uldised-uudised","tag-uudised","tag-viimased-uudised","tag-world","tag-world-news","tag-worldnews"],"share_on_mastodon":{"url":"https:\/\/pubeurope.com\/@ee\/116232286628738503","error":""},"_links":{"self":[{"href":"https:\/\/www.europesays.com\/ee\/wp-json\/wp\/v2\/posts\/129458","targetHints":{"allow":["GET"]}}],"collection":[{"href":"https:\/\/www.europesays.com\/ee\/wp-json\/wp\/v2\/posts"}],"about":[{"href":"https:\/\/www.europesays.com\/ee\/wp-json\/wp\/v2\/types\/post"}],"author":[{"embeddable":true,"href":"https:\/\/www.europesays.com\/ee\/wp-json\/wp\/v2\/users\/2"}],"replies":[{"embeddable":true,"href":"https:\/\/www.europesays.com\/ee\/wp-json\/wp\/v2\/comments?post=129458"}],"version-history":[{"count":0,"href":"https:\/\/www.europesays.com\/ee\/wp-json\/wp\/v2\/posts\/129458\/revisions"}],"wp:featuredmedia":[{"embeddable":true,"href":"https:\/\/www.europesays.com\/ee\/wp-json\/wp\/v2\/media\/129459"}],"wp:attachment":[{"href":"https:\/\/www.europesays.com\/ee\/wp-json\/wp\/v2\/media?parent=129458"}],"wp:term":[{"taxonomy":"category","embeddable":true,"href":"https:\/\/www.europesays.com\/ee\/wp-json\/wp\/v2\/categories?post=129458"},{"taxonomy":"post_tag","embeddable":true,"href":"https:\/\/www.europesays.com\/ee\/wp-json\/wp\/v2\/tags?post=129458"}],"curies":[{"name":"wp","href":"https:\/\/api.w.org\/{rel}","templated":true}]}}