{"id":129462,"date":"2026-03-15T08:39:07","date_gmt":"2026-03-15T08:39:07","guid":{"rendered":"https:\/\/www.europesays.com\/ee\/129462\/"},"modified":"2026-03-15T08:39:07","modified_gmt":"2026-03-15T08:39:07","slug":"fotod-toeline-rahvapidu-otepaa-mk-etapil-roniti-parema-vaate-nimel-kasvoi-puu-otsa","status":"publish","type":"post","link":"https:\/\/www.europesays.com\/ee\/129462\/","title":{"rendered":"FOTOD | T\u00f5eline rahvapidu! Otep\u00e4\u00e4 MK-etapil roniti parema vaate nimel kasv\u00f5i puu otsa"},"content":{"rendered":"<p>T\u00e4nane v\u00f5istlusp\u00e4ev Otep\u00e4\u00e4l algab kell 13.35 paarissegateates\u00f5iduga ja l\u00f5peb kell 15.40 startiva segateates\u00f5iduga. <\/p>\n<p>J\u00e4rgmisel aastal v\u00f5\u00f5rustab Otep\u00e4\u00e4 juba laskesuusatamise maailmameistriv\u00f5istlusi, mille piletim\u00fc\u00fck algas eile. <\/p>\n<p>Tehvandil on maailmameistriv\u00f5istluste ajal v\u00f5imalik korraga vastu v\u00f5tta ligikaudu 20 000 pealtvaatajat.<\/p>\n<p>Kuidas see lugu Sind end tundma pani? Saada <a href=\"https:\/\/sport.delfi.ee\/artikkel\/120442362\/fotod-toeline-rahvapidu-otepaa-mk-etapil-roniti-parema-vaate-nimel-kasvoi-puu-otsa\/kommentaarid\" class=\"article-body-bottom__comment article-body-bottom__comment--write button button--primary button--size-auto\" rel=\"nofollow noopener\" target=\"_blank\"> Kommenteeri <\/a><a href=\"https:\/\/sport.delfi.ee\/artikkel\/120442362\/fotod-toeline-rahvapidu-otepaa-mk-etapil-roniti-parema-vaate-nimel-kasvoi-puu-otsa\/kommentaarid\" class=\"article-body-bottom__comment article-body-bottom__comment--read button button--size-auto\" rel=\"nofollow noopener\" target=\"_blank\"> Loe kommentaare <\/a><\/p>\n","protected":false},"excerpt":{"rendered":"T\u00e4nane v\u00f5istlusp\u00e4ev Otep\u00e4\u00e4l algab kell 13.35 paarissegateates\u00f5iduga ja l\u00f5peb kell 15.40 startiva segateates\u00f5iduga. J\u00e4rgmisel aastal v\u00f5\u00f5rustab Otep\u00e4\u00e4 juba&hellip;\n","protected":false},"author":2,"featured_media":129463,"comment_status":"","ping_status":"","sticky":false,"template":"","format":"standard","meta":{"footnotes":"","_share_on_mastodon":"0"},"categories":[5],"tags":[26,27,37,33,35,34,36,31,32,21,28,29,19,2095,25,40819,23,24,22,20,30],"class_list":["post-129462","post","type-post","status-publish","format-standard","has-post-thumbnail","category-uldised-uudised","tag-breaking-news","tag-breakingnews","tag-ee","tag-eesti","tag-eesti-keel","tag-estonia","tag-estonian","tag-featured-news","tag-featurednews","tag-headlines","tag-latest-news","tag-latestnews","tag-news","tag-otepaa-mk-etapp","tag-populaarseimad-lood","tag-tehvandi","tag-top-stories","tag-topstories","tag-uldised-uudised","tag-uudised","tag-viimased-uudised"],"share_on_mastodon":{"url":"https:\/\/pubeurope.com\/@ee\/116232294427726682","error":""},"_links":{"self":[{"href":"https:\/\/www.europesays.com\/ee\/wp-json\/wp\/v2\/posts\/129462","targetHints":{"allow":["GET"]}}],"collection":[{"href":"https:\/\/www.europesays.com\/ee\/wp-json\/wp\/v2\/posts"}],"about":[{"href":"https:\/\/www.europesays.com\/ee\/wp-json\/wp\/v2\/types\/post"}],"author":[{"embeddable":true,"href":"https:\/\/www.europesays.com\/ee\/wp-json\/wp\/v2\/users\/2"}],"replies":[{"embeddable":true,"href":"https:\/\/www.europesays.com\/ee\/wp-json\/wp\/v2\/comments?post=129462"}],"version-history":[{"count":0,"href":"https:\/\/www.europesays.com\/ee\/wp-json\/wp\/v2\/posts\/129462\/revisions"}],"wp:featuredmedia":[{"embeddable":true,"href":"https:\/\/www.europesays.com\/ee\/wp-json\/wp\/v2\/media\/129463"}],"wp:attachment":[{"href":"https:\/\/www.europesays.com\/ee\/wp-json\/wp\/v2\/media?parent=129462"}],"wp:term":[{"taxonomy":"category","embeddable":true,"href":"https:\/\/www.europesays.com\/ee\/wp-json\/wp\/v2\/categories?post=129462"},{"taxonomy":"post_tag","embeddable":true,"href":"https:\/\/www.europesays.com\/ee\/wp-json\/wp\/v2\/tags?post=129462"}],"curies":[{"name":"wp","href":"https:\/\/api.w.org\/{rel}","templated":true}]}}