{"id":129487,"date":"2026-03-15T09:20:07","date_gmt":"2026-03-15T09:20:07","guid":{"rendered":"https:\/\/www.europesays.com\/ee\/129487\/"},"modified":"2026-03-15T09:20:07","modified_gmt":"2026-03-15T09:20:07","slug":"antonelli-sai-karjaari-esimese-etapivoidu-mclarenit-tabas-kosmaar-vormelisport","status":"publish","type":"post","link":"https:\/\/www.europesays.com\/ee\/129487\/","title":{"rendered":"Antonelli sai karj\u00e4\u00e4ri esimese etapiv\u00f5idu, McLarenit tabas ko\u0161maar | Vormelisport"},"content":{"rendered":"<p>Vormel-1 MM-sarja hooaja teise etapi Hiinas v\u00f5itis itaallane Kimi Antonelli (Mercedes), kes edestas 5,515 sekundiga tiimikaaslast George Russelli.<\/p>\n<p>19-aastasest Antonellist sai seega vormel-1 ajaloo nooruselt teine etapiv\u00f5itja p\u00e4rast Max Verstappenit, eks oli 2016. aastal Hispaanias triumfeerides 18 aasta ja 228 p\u00e4eva vanune.<\/p>\n<p>Parimalt stardipositsioonilt teele l\u00e4inud itaallase nimele j\u00e4i ka v\u00f5istluste kiireim ring. Tema ja Russelli j\u00e4rel mahtus kolmandana pjedestaalile stardi j\u00e4rel juhtima asunud Lewis Hamilton, kes polnud Ferrariga seda varem suutnud (+25,267).<\/p>\n<p>Seitsmekordne maailmameister suutis edestada v\u00f5istkonnakaaslast Charles Leclerci (+28,894). Neile j\u00e4rgnesid Oliver Bearman (Has; +57,268) ja Pierre Gasly (Alpine; +59,647).<\/p>\n<p>V\u00f5istluse esimesel poolel olid Mercedesed ja Ferrarid pidevas v\u00f5itluses. Hiljem pidasid tihedat duelli aga Hamilton ja Leclerc omavahel.<\/p>\n<p>Aegade noorim etapiv\u00f5itja ja kaheksandalt kohalt teele l\u00e4inud Verstappen (Red Bull) kuulus katkestajate sekka. Ta sai kirja 46 ringi, aga siis tabas tema masinat tehniline rike ja neljakordne maailmameister keeras boksi.<\/p>\n<p>Veelgi suurem katastroof tabas McLarenit. Eelmise hooaja t\u00e4ielik valitseja ei saanud kummagi masinaga liikvele, sest nii Lando Norrist kui ka Oscar Piastrit segasid tehnilised probleemid juba enne starti. V\u00f5istkonna teatel oli tegemist kahe eraldiseisva juhtumiga ja t\u00e4psema p\u00f5hjuse annab uurimine.<\/p>\n<blockquote class=\"twitter-tweet\">\n<p lang=\"en\" dir=\"ltr\">Kimi Antonelli leads a Mercedes 1-2 in Shanghai!<\/p>\n<p>Here are your points-scorers after a thrilling race <a href=\"https:\/\/twitter.com\/hashtag\/F1?src=hash&amp;ref_src=twsrc%5Etfw\" rel=\"nofollow noopener\" target=\"_blank\">#F1<\/a> <a href=\"https:\/\/twitter.com\/hashtag\/ChineseGP?src=hash&amp;ref_src=twsrc%5Etfw\" rel=\"nofollow noopener\" target=\"_blank\">#ChineseGP<\/a> <a href=\"https:\/\/t.co\/pPRrqN3Yeq\" rel=\"nofollow\">pic.twitter.com\/pPRrqN3Yeq<\/a><\/p>\n<p>\u2014 Formula 1 (@F1) <a href=\"https:\/\/twitter.com\/F1\/status\/2033107580319326673?ref_src=twsrc%5Etfw\" rel=\"nofollow noopener\" target=\"_blank\">March 15, 2026<\/a><\/p><\/blockquote>\n<p><script async src=\"https:\/\/platform.twitter.com\/widgets.js\" charset=\"utf-8\"><\/script><\/p>\n","protected":false},"excerpt":{"rendered":"Vormel-1 MM-sarja hooaja teise etapi Hiinas v\u00f5itis itaallane Kimi Antonelli (Mercedes), kes edestas 5,515 sekundiga tiimikaaslast George Russelli.&hellip;\n","protected":false},"author":2,"featured_media":129488,"comment_status":"","ping_status":"","sticky":false,"template":"","format":"standard","meta":{"footnotes":"","_share_on_mastodon":"0"},"categories":[18],"tags":[37,33,35,34,36,58966,19344,8174,159,158],"class_list":["post-129487","post","type-post","status-publish","format-standard","has-post-thumbnail","category-sport","tag-ee","tag-eesti","tag-eesti-keel","tag-estonia","tag-estonian","tag-hiina-gp","tag-kimi-antonelli","tag-mclaren-f1","tag-sport","tag-sports"],"share_on_mastodon":{"url":"https:\/\/pubeurope.com\/@ee\/116232455611300492","error":""},"_links":{"self":[{"href":"https:\/\/www.europesays.com\/ee\/wp-json\/wp\/v2\/posts\/129487","targetHints":{"allow":["GET"]}}],"collection":[{"href":"https:\/\/www.europesays.com\/ee\/wp-json\/wp\/v2\/posts"}],"about":[{"href":"https:\/\/www.europesays.com\/ee\/wp-json\/wp\/v2\/types\/post"}],"author":[{"embeddable":true,"href":"https:\/\/www.europesays.com\/ee\/wp-json\/wp\/v2\/users\/2"}],"replies":[{"embeddable":true,"href":"https:\/\/www.europesays.com\/ee\/wp-json\/wp\/v2\/comments?post=129487"}],"version-history":[{"count":0,"href":"https:\/\/www.europesays.com\/ee\/wp-json\/wp\/v2\/posts\/129487\/revisions"}],"wp:featuredmedia":[{"embeddable":true,"href":"https:\/\/www.europesays.com\/ee\/wp-json\/wp\/v2\/media\/129488"}],"wp:attachment":[{"href":"https:\/\/www.europesays.com\/ee\/wp-json\/wp\/v2\/media?parent=129487"}],"wp:term":[{"taxonomy":"category","embeddable":true,"href":"https:\/\/www.europesays.com\/ee\/wp-json\/wp\/v2\/categories?post=129487"},{"taxonomy":"post_tag","embeddable":true,"href":"https:\/\/www.europesays.com\/ee\/wp-json\/wp\/v2\/tags?post=129487"}],"curies":[{"name":"wp","href":"https:\/\/api.w.org\/{rel}","templated":true}]}}