{"id":129588,"date":"2026-03-15T11:57:07","date_gmt":"2026-03-15T11:57:07","guid":{"rendered":"https:\/\/www.europesays.com\/ee\/129588\/"},"modified":"2026-03-15T11:57:07","modified_gmt":"2026-03-15T11:57:07","slug":"elektriteater-tahistab-eriprogrammiga-kultusrezissoori-john-watersi-80-sunnipaeva-film","status":"publish","type":"post","link":"https:\/\/www.europesays.com\/ee\/129588\/","title":{"rendered":"Elektriteater t\u00e4histab eriprogrammiga kultusre\u017eiss\u00f6\u00f6ri John Watersi 80. s\u00fcnnip\u00e4eva | Film"},"content":{"rendered":"<p>Aprillis saab 80-aastaseks USA s\u00f5ltumatu kino teerajaja John Waters. Juubeli puhul toob Tartu Elektriteater 1.\u201329. aprillini ekraanile valiku tema noorusp\u00f5lve loomingust.<\/p>\n<p>John Watersile p\u00fchendatud filmiprogrammi raames linastuvad Elektriteatris 1. aprillil &#8220;Mitmeid maniakke&#8221; (1970), 8. aprillil &#8220;Roosad flamingod&#8221; (1972), 15. aprillil &#8220;Naiste jamad&#8221; (1974), 22. aprillil &#8220;Meeleheitel elu&#8221; (1977) ja 29. aprillil &#8220;Pol\u00fcester&#8221; (1981).<\/p>\n<p>Elektriteatri programmijuhi Rasmus R\u00e4\u00e4gu s\u00f5nul on Watersit tema karj\u00e4\u00e4ri jooksul nimetatud nii prahipaavstiks, halva maitse hegemooniks, maitselageduse meistriks kui ka kultusfilmide kuningaks.<\/p>\n<p>Filmikunsti poole suunasid teda esmalt noorusp\u00f5lves kohalikes kinodes n\u00e4htud filmid ning seej\u00e4rel leedu-ameerika kineasti Jonas Mekase artiklid ja arvustused p\u00f5randaalusest filmikunstist. Mekasest inspireerituna v\u00e4isas Waters igal v\u00f5imalusel New Yorgi kinosid, soovides ise samuti taolisi filme teha, teadvustamata otseselt, et selline filmikunst kuidagi peavoolust eristuks.<\/p>\n<p>&#8220;Watersi filmid ei p\u00fc\u00fca kohutada ning provotseerida pelgalt k\u00f5mu tekitamiseks. Tema looming on \u00fchtlasi kantud soovist avardada kunsti ja kultuuri piire, anda h\u00e4\u00e4l marginaliseeritud kogukondadele ning asetada vaataja tundmatusse, valdavalt ebamugavasse olukorda, kust v\u00f5iks siiski s\u00fcndida m\u00f5istmine, mitte hukkam\u00f5ist,&#8221; s\u00f5nas R\u00e4\u00e4k.<\/p>\n<p>&#8220;\u0160okeeriv ning provotseeriv, mida tema linateostes kohtame, l\u00e4htub paljuski just absurdsetest s\u00fc\u00fcdistustest ja etteheidetest v\u00e4hemuskogukondade suunal, mille Waters groteskselt naeruv\u00e4\u00e4rseks p\u00f6\u00f6ratuna oma t\u00f6\u00f6riistaks teeb.&#8221;<\/p>\n<p>Aja jooksul on tema oman\u00e4oline looming saanud mitmete suurte tunnustuste osaks. Tema loomingule p\u00fchendatud retrospektiive on muuhulgas korraldanud prestii\u017ene Lincolni Keskuse Filmi\u00fching ja Briti Filmi Instituut. 2023. aastal p\u00e4lvis Waters t\u00e4he Hollywoodi kuulsuste alleel ning Ameerika Filmiakadeemia p\u00fchendas Watersile ja tema panusele filmikunsti monumentaaln\u00e4ituse Oscarite muuseumis. 2018. aastal autasustas Prantsusmaa Watersit kunstide ja kirjanduse ordeniga.<\/p>\n","protected":false},"excerpt":{"rendered":"Aprillis saab 80-aastaseks USA s\u00f5ltumatu kino teerajaja John Waters. Juubeli puhul toob Tartu Elektriteater 1.\u201329. aprillini ekraanile valiku&hellip;\n","protected":false},"author":2,"featured_media":129589,"comment_status":"","ping_status":"","sticky":false,"template":"","format":"standard","meta":{"footnotes":"","_share_on_mastodon":"0"},"categories":[12],"tags":[26,27,37,33,35,4469,34,36,31,32,21,59157,28,29,19,59156,25,59158,23,24,22,20,30],"class_list":["post-129588","post","type-post","status-publish","format-standard","has-post-thumbnail","category-eesti","tag-breaking-news","tag-breakingnews","tag-ee","tag-eesti","tag-eesti-keel","tag-elektriteater","tag-estonia","tag-estonian","tag-featured-news","tag-featurednews","tag-headlines","tag-john-waters","tag-latest-news","tag-latestnews","tag-news","tag-poluester","tag-populaarseimad-lood","tag-roosad-flamingod","tag-top-stories","tag-topstories","tag-uldised-uudised","tag-uudised","tag-viimased-uudised"],"share_on_mastodon":{"url":"https:\/\/pubeurope.com\/@ee\/116233073306956182","error":""},"_links":{"self":[{"href":"https:\/\/www.europesays.com\/ee\/wp-json\/wp\/v2\/posts\/129588","targetHints":{"allow":["GET"]}}],"collection":[{"href":"https:\/\/www.europesays.com\/ee\/wp-json\/wp\/v2\/posts"}],"about":[{"href":"https:\/\/www.europesays.com\/ee\/wp-json\/wp\/v2\/types\/post"}],"author":[{"embeddable":true,"href":"https:\/\/www.europesays.com\/ee\/wp-json\/wp\/v2\/users\/2"}],"replies":[{"embeddable":true,"href":"https:\/\/www.europesays.com\/ee\/wp-json\/wp\/v2\/comments?post=129588"}],"version-history":[{"count":0,"href":"https:\/\/www.europesays.com\/ee\/wp-json\/wp\/v2\/posts\/129588\/revisions"}],"wp:featuredmedia":[{"embeddable":true,"href":"https:\/\/www.europesays.com\/ee\/wp-json\/wp\/v2\/media\/129589"}],"wp:attachment":[{"href":"https:\/\/www.europesays.com\/ee\/wp-json\/wp\/v2\/media?parent=129588"}],"wp:term":[{"taxonomy":"category","embeddable":true,"href":"https:\/\/www.europesays.com\/ee\/wp-json\/wp\/v2\/categories?post=129588"},{"taxonomy":"post_tag","embeddable":true,"href":"https:\/\/www.europesays.com\/ee\/wp-json\/wp\/v2\/tags?post=129588"}],"curies":[{"name":"wp","href":"https:\/\/api.w.org\/{rel}","templated":true}]}}