{"id":129641,"date":"2026-03-15T13:22:09","date_gmt":"2026-03-15T13:22:09","guid":{"rendered":"https:\/\/www.europesays.com\/ee\/129641\/"},"modified":"2026-03-15T13:22:09","modified_gmt":"2026-03-15T13:22:09","slug":"tonis-niinemets-ja-henrik-kalmet-on-leidnud-laskesuusatamises-oma-rolli-niinemets-see-on-olnud-vaga-ootamatu-teekond","status":"publish","type":"post","link":"https:\/\/www.europesays.com\/ee\/129641\/","title":{"rendered":"T\u00f5nis Niinemets ja Henrik Kalmet on leidnud laskesuusatamises oma rolli. Niinemets: see on olnud v\u00e4ga ootamatu teekond"},"content":{"rendered":"<p>38-aastasest Niinemetsast on viimaste aastatega saanud tuntud laskesuusaf\u00e4nn. Ta on j\u00f5udnud MK-etappi kommenteerima ka ETV otse-eetrisse.<\/p>\n<p>Kui ootamatu on kogu teekond olnud? \u201eSee on v\u00e4ga ootamatu, et \u00fchte ala f\u00e4nnates satud kuidagi ala juurde l\u00e4hemale kui oleksid uskunud,\u201c lausus Niinemets ning j\u00e4tkas: \u201eMinu jaoks on alati sportlased olnud iidolid, keda vaatan ja kelle tulemusi f\u00e4nnan ning naudin. <a rel=\"noopener nofollow\" target=\"_blank\" href=\"https:\/\/www.delfi.ee\/teema\/56498504\/raul-rebane\" data-rel-date-range=\"[]\">Raul Rebane<\/a> on \u00f6elnud v\u00e4ga h\u00e4sti, et sport on ainus asi maailmas, mis suudab murdosa sekundiga muuta inimeste meelsust kas siis positiivseks v\u00f5i negatiivseks. Olen leidnud v\u00e4ga laheda ala ja see on \u00fcllatav, et oleme j\u00f5udnud alale l\u00e4hemale kui oleksime osanud arvata. Minu jaoks on see privileeg.\u201c<\/p>\n<p>Oled juba tellija?Logi sisse<\/p>\n<p><a href=\"https:\/\/sport.delfi.ee\/artikkel\/120442397\/tonis-niinemets-ja-henrik-kalmet-on-leidnud-laskesuusatamises-oma-rolli-niinemets-see-on-olnud-vaga-ootamatu-teekond\/kommentaarid\" class=\"article-body-bottom__comment article-body-bottom__comment--write button button--primary button--size-auto\" rel=\"nofollow noopener\" target=\"_blank\"> Kommenteeri <\/a><a href=\"https:\/\/sport.delfi.ee\/artikkel\/120442397\/tonis-niinemets-ja-henrik-kalmet-on-leidnud-laskesuusatamises-oma-rolli-niinemets-see-on-olnud-vaga-ootamatu-teekond\/kommentaarid\" class=\"article-body-bottom__comment article-body-bottom__comment--read button button--size-auto\" rel=\"nofollow noopener\" target=\"_blank\"> Loe kommentaare (5)<\/a><\/p>\n","protected":false},"excerpt":{"rendered":"38-aastasest Niinemetsast on viimaste aastatega saanud tuntud laskesuusaf\u00e4nn. Ta on j\u00f5udnud MK-etappi kommenteerima ka ETV otse-eetrisse. Kui ootamatu&hellip;\n","protected":false},"author":2,"featured_media":129642,"comment_status":"","ping_status":"","sticky":false,"template":"","format":"standard","meta":{"footnotes":"","_share_on_mastodon":"0"},"categories":[18],"tags":[37,33,35,34,36,4296,21559,1316,7608,159,158,6088,2993],"class_list":["post-129641","post","type-post","status-publish","format-standard","has-post-thumbnail","category-sport","tag-ee","tag-eesti","tag-eesti-keel","tag-estonia","tag-estonian","tag-henrik-kalmet","tag-kristo-siimer","tag-otepaa","tag-raul-rebane","tag-sport","tag-sports","tag-susan-kulm","tag-tonis-niinemets"],"share_on_mastodon":{"url":"https:\/\/pubeurope.com\/@ee\/116233407213806707","error":""},"_links":{"self":[{"href":"https:\/\/www.europesays.com\/ee\/wp-json\/wp\/v2\/posts\/129641","targetHints":{"allow":["GET"]}}],"collection":[{"href":"https:\/\/www.europesays.com\/ee\/wp-json\/wp\/v2\/posts"}],"about":[{"href":"https:\/\/www.europesays.com\/ee\/wp-json\/wp\/v2\/types\/post"}],"author":[{"embeddable":true,"href":"https:\/\/www.europesays.com\/ee\/wp-json\/wp\/v2\/users\/2"}],"replies":[{"embeddable":true,"href":"https:\/\/www.europesays.com\/ee\/wp-json\/wp\/v2\/comments?post=129641"}],"version-history":[{"count":0,"href":"https:\/\/www.europesays.com\/ee\/wp-json\/wp\/v2\/posts\/129641\/revisions"}],"wp:featuredmedia":[{"embeddable":true,"href":"https:\/\/www.europesays.com\/ee\/wp-json\/wp\/v2\/media\/129642"}],"wp:attachment":[{"href":"https:\/\/www.europesays.com\/ee\/wp-json\/wp\/v2\/media?parent=129641"}],"wp:term":[{"taxonomy":"category","embeddable":true,"href":"https:\/\/www.europesays.com\/ee\/wp-json\/wp\/v2\/categories?post=129641"},{"taxonomy":"post_tag","embeddable":true,"href":"https:\/\/www.europesays.com\/ee\/wp-json\/wp\/v2\/tags?post=129641"}],"curies":[{"name":"wp","href":"https:\/\/api.w.org\/{rel}","templated":true}]}}