{"id":129803,"date":"2026-03-15T17:51:18","date_gmt":"2026-03-15T17:51:18","guid":{"rendered":"https:\/\/www.europesays.com\/ee\/129803\/"},"modified":"2026-03-15T17:51:18","modified_gmt":"2026-03-15T17:51:18","slug":"usa-kelguhokikoondis-jatkas-kuldselt-ka-milano-cortina-paralumpial-jaahoki-2","status":"publish","type":"post","link":"https:\/\/www.europesays.com\/ee\/129803\/","title":{"rendered":"USA kelguhokikoondis j\u00e4tkas kuldselt ka Milano Cortina paral\u00fcmpial | J\u00e4\u00e4hoki"},"content":{"rendered":"<p>Milano Cortina paral\u00fcmpiam\u00e4ngude kelguhokiturniiri v\u00f5itis USA koondis, kes alistas p\u00fchap\u00e4evases finaalis Kanada 6:2.<\/p>\n<p>Jack Wallace viis ameeriklased esimese perioodi keskel juhtima ja kuigi Liam Hickey viigistas 1.45 p\u00e4rast teise kolmandiku algust, kuulus \u00fclej\u00e4\u00e4nud m\u00e4ng tiitlikaitsjatele: Kayden Beasley taastas 22. minutil USA edu, Wallace lisas siis oma teise tabamuse ja t\u00f5i kolmanda perioodi alguses tabloole omade 4:1 eduseisu.<\/p>\n<p>24 sekundit p\u00e4rast ameeriklaste neljandat v\u00e4ravat sahistas uuesti v\u00f5rku Hickey, millele vastasid siis veel Declan Farmer ja l\u00f5ppskoori 6:2 vormistanud Brody Roybal.<\/p>\n<p>USA kelguhokikoondis on n\u00fc\u00fcd ol\u00fcmpiav\u00f5itjaks kroonitud viis korda j\u00e4rjest, viimati j\u00e4\u00e4di kullata 2006. aastal Torinos, kui Kanada alistas finaalis Norra. Toona pidid ameeriklased leppima pronksiga. Milano Cortina m\u00e4ngudel teenis pronksi Hiina.<\/p>\n<p>Enne m\u00e4ngu:<\/p>\n<p>Milanos toimuva hokiturniiri finaalis kohtuvad sarnaselt hiljutistele taliol\u00fcmpiam\u00e4ngudele taas Ameerika \u00dchendriikide ja Kanada esindused.<\/p>\n<p>USA koondis alistas alagrupis Itaalia 14:1, Saksamaa 13:0 ja Hiina 7:1. Poolfinaalis oli meeskond \u00fcle T\u0161ehhist 6:1. Kanada sai alagrupis jagu Slovakkiast 8:0, Jaapanist 14:0 ja T\u0161ehhist 4:1 ning poolfinaalis Hiinast 4:2.<\/p>\n<p>Ameeriklased on v\u00f5itnud sel alal neli viimast ol\u00fcmpiakulda, kusjuures nii PyeongChangis kui ka Pekingis alistati finaalis just Kanada koondis, kes sai viimati triumfeerida 2006. aastal Torinos.<\/p>\n<p>Kolmel korral on paral\u00fcmpial osalenud ka Eesti v\u00f5istkond. Parimal juhul ehk 1998. aastal Naganos teeniti neljas koht.<\/p>\n","protected":false},"excerpt":{"rendered":"Milano Cortina paral\u00fcmpiam\u00e4ngude kelguhokiturniiri v\u00f5itis USA koondis, kes alistas p\u00fchap\u00e4evases finaalis Kanada 6:2. Jack Wallace viis ameeriklased esimese&hellip;\n","protected":false},"author":2,"featured_media":129788,"comment_status":"","ping_status":"","sticky":false,"template":"","format":"standard","meta":{"footnotes":"","_share_on_mastodon":"0"},"categories":[5],"tags":[26,27,37,33,35,34,36,31,32,21,59093,28,29,3335,19,52575,25,23,24,22,20,30],"class_list":["post-129803","post","type-post","status-publish","format-standard","has-post-thumbnail","category-uldised-uudised","tag-breaking-news","tag-breakingnews","tag-ee","tag-eesti","tag-eesti-keel","tag-estonia","tag-estonian","tag-featured-news","tag-featurednews","tag-headlines","tag-kelguhoki","tag-latest-news","tag-latestnews","tag-milano","tag-news","tag-paralumpiamangud","tag-populaarseimad-lood","tag-top-stories","tag-topstories","tag-uldised-uudised","tag-uudised","tag-viimased-uudised"],"share_on_mastodon":{"url":"https:\/\/pubeurope.com\/@ee\/116234464997954671","error":""},"_links":{"self":[{"href":"https:\/\/www.europesays.com\/ee\/wp-json\/wp\/v2\/posts\/129803","targetHints":{"allow":["GET"]}}],"collection":[{"href":"https:\/\/www.europesays.com\/ee\/wp-json\/wp\/v2\/posts"}],"about":[{"href":"https:\/\/www.europesays.com\/ee\/wp-json\/wp\/v2\/types\/post"}],"author":[{"embeddable":true,"href":"https:\/\/www.europesays.com\/ee\/wp-json\/wp\/v2\/users\/2"}],"replies":[{"embeddable":true,"href":"https:\/\/www.europesays.com\/ee\/wp-json\/wp\/v2\/comments?post=129803"}],"version-history":[{"count":0,"href":"https:\/\/www.europesays.com\/ee\/wp-json\/wp\/v2\/posts\/129803\/revisions"}],"wp:featuredmedia":[{"embeddable":true,"href":"https:\/\/www.europesays.com\/ee\/wp-json\/wp\/v2\/media\/129788"}],"wp:attachment":[{"href":"https:\/\/www.europesays.com\/ee\/wp-json\/wp\/v2\/media?parent=129803"}],"wp:term":[{"taxonomy":"category","embeddable":true,"href":"https:\/\/www.europesays.com\/ee\/wp-json\/wp\/v2\/categories?post=129803"},{"taxonomy":"post_tag","embeddable":true,"href":"https:\/\/www.europesays.com\/ee\/wp-json\/wp\/v2\/tags?post=129803"}],"curies":[{"name":"wp","href":"https:\/\/api.w.org\/{rel}","templated":true}]}}