{"id":129810,"date":"2026-03-15T18:09:07","date_gmt":"2026-03-15T18:09:07","guid":{"rendered":"https:\/\/www.europesays.com\/ee\/129810\/"},"modified":"2026-03-15T18:09:07","modified_gmt":"2026-03-15T18:09:07","slug":"pm-otepaa-%e2%9f%a9-susan-kulm-segateatest-see-ei-olnud-tavaline-laskesuusatamine-postimees-sport","status":"publish","type":"post","link":"https:\/\/www.europesays.com\/ee\/129810\/","title":{"rendered":"PM OTEP\u00c4\u00c4 \u27e9 Susan K\u00fclm segateatest: see ei olnud tavaline laskesuusatamine &#8211; Postimees Sport"},"content":{"rendered":"<ol>\n<li><a href=\"https:\/\/news.google.com\/rss\/articles\/CBMiqgFBVV95cUxQTTAxOG5pYjlONU9HUjB0ZTVrYlB4RzVzRFF5Y1VEVTJqMGlibXpQSE9HdUJhZ19YeXZKY0pIZVNpU1lBenQ3aEkyNFNqNXpHS2prTEh2RVh2VU1mcUltWTY1WkFZajJ2STJwSE1OeF9MUTlaZ3R5dVotdlhwajh2Z2VwZEtFMmF4YzNicDJZNnpCckE4S1VaUlJDSTA1Q3Q1OExaNkd1d2g1UQ?oc=5\" target=\"_blank\" rel=\"nofollow noopener\">PM OTEP\u00c4\u00c4 \u27e9 Susan K\u00fclm segateatest: see ei olnud tavaline laskesuusatamine<\/a>&nbsp;&nbsp;Postimees Sport<\/li>\n<li><a href=\"https:\/\/news.google.com\/rss\/articles\/CBMimAFBVV95cUxOWEpPR3B4QU4zSWlJMExYQ1dSeVRMUTRfMnRrTTVMNVgwa04zVXpoVzgzOTRwMmxRS1lTRkY5ay00aXBjZXlGT05wWnVLbUdXNklKOU5rdVFXdWgzMzJ3NnlpZUxzYmZKZlBxd2d4M0hsb3J1SHpRRzVjZTNZdl9lX0RSU1hFTVdFS0RBM29tck9GN2tGWTBvZQ?oc=5\" target=\"_blank\" rel=\"nofollow noopener\">Norralt suurep\u00e4rane esitus, Eesti 14. ja Prantsusmaale disklahv<\/a>&nbsp;&nbsp;sport | ERR<\/li>\n<li><a href=\"https:\/\/news.google.com\/rss\/articles\/CBMi7gFBVV95cUxPWFF2SG12RFAtYUdxc1lHZkktZld3SkozeTlvTWZCQnBDd0FYeFprd0o5c1pfMFgtLTdzSmw2YUFMSlNqVDV4OG9kYmVjSkFSdjk3VGczOTN6TmxOOFBpcHJSUHNWLWJMR0V3ZFlNUTByeW5hbVQ4ZE92eVJFN0JYUExHVGI0RU9OVXFrNjFSc2lGMm1ld1I0aWo3WWlvbGxBRG50SC15dWxEaGZpSm5UbmNVTTR6cjhSLVRNY21MVmxIMnBBOFpnbm0wMW5mZEdBZFdrN3MyeWdKY1JpX294VlNYYk9uVkxIMW5RSjF3?oc=5\" target=\"_blank\" rel=\"nofollow noopener\">Eesti teatenelik k\u00e4is neljal trahviringil. Ermits: t\u00e4na polnud vahet, kas oled spordiga tegelenud \u00fche v\u00f5i k\u00fcmme aastat<\/a>&nbsp;&nbsp;Delfi Sport<\/li>\n<li><a href=\"https:\/\/news.google.com\/rss\/articles\/CBMiwAFBVV95cUxONmNZVW9zRFdVSTlvTkZpckw1MmhvQWMzSExjSkU1Vk9mWGs4ZXBQcHJIVlAtUkNRY0N0Mmk5YzBnRUZCX0ZRbDRHemo5eTRxQkhsNWt1WVh1QW1CbktlemVtdjhZNkpGa3dEQlc2anBPeUxKVTVrYW5TRC10LV8xQXNhanZhd0x4YWZHLW4yWG1DOFpjNWhUNmp2djM4SHdjVmt5YTRYak9EVXRQN2VzbTNmcU5Obk50aDh3TWRwaFc?oc=5\" target=\"_blank\" rel=\"nofollow noopener\">OTSEBLOGI Otep\u00e4\u00e4 MK-etapp: Eesti pudenes Ermitsa vahetusega tippudest veidi liiga kaugele<\/a>&nbsp;&nbsp;Postimees Sport<\/li>\n<li><a href=\"https:\/\/news.google.com\/rss\/articles\/CBMivAFBVV95cUxPeTluWm9yWkwxZjE5bUpzNWFMUXhvaEliUjh5bFpiSWZ1TDZhMDNYYWw0SjFEelJCMXNIaDE0N2tvc2pNS3E5YnhyRjlXSFNuMXRBaEw3QURNclQ5Y2htek9na2NnOGxqZXlJOHRQcTkycXZJSUtHZ2ZSazJydktxejRqR0R1WlJrT0xCZ2d0ajFmUWZqeWVLbVVuZFp0NXpFSUdYYmp1ZVYzNWU3R0Y3VDBlTzhYR09LcDFpag?oc=5\" target=\"_blank\" rel=\"nofollow noopener\">TALISPORDIBLOGI | Kehva ja Talih\u00e4rm said 14. koha. Kuidas l\u00e4heb meie nelikul segateade?<\/a>&nbsp;&nbsp;\u00d5htuleht<\/li>\n<\/ol>\n","protected":false},"excerpt":{"rendered":"PM OTEP\u00c4\u00c4 \u27e9 Susan K\u00fclm segateatest: see ei olnud tavaline laskesuusatamine&nbsp;&nbsp;Postimees Sport Norralt suurep\u00e4rane esitus, Eesti 14. ja&hellip;\n","protected":false},"author":2,"featured_media":129811,"comment_status":"","ping_status":"","sticky":false,"template":"","format":"standard","meta":{"footnotes":"","_share_on_mastodon":"0"},"categories":[18],"tags":[37,33,35,34,36,58789,2095,159,158,6088],"class_list":["post-129810","post","type-post","status-publish","format-standard","has-post-thumbnail","category-sport","tag-ee","tag-eesti","tag-eesti-keel","tag-estonia","tag-estonian","tag-otepaa-mk","tag-otepaa-mk-etapp","tag-sport","tag-sports","tag-susan-kulm"],"share_on_mastodon":{"url":"https:\/\/pubeurope.com\/@ee\/116234535722868301","error":""},"_links":{"self":[{"href":"https:\/\/www.europesays.com\/ee\/wp-json\/wp\/v2\/posts\/129810","targetHints":{"allow":["GET"]}}],"collection":[{"href":"https:\/\/www.europesays.com\/ee\/wp-json\/wp\/v2\/posts"}],"about":[{"href":"https:\/\/www.europesays.com\/ee\/wp-json\/wp\/v2\/types\/post"}],"author":[{"embeddable":true,"href":"https:\/\/www.europesays.com\/ee\/wp-json\/wp\/v2\/users\/2"}],"replies":[{"embeddable":true,"href":"https:\/\/www.europesays.com\/ee\/wp-json\/wp\/v2\/comments?post=129810"}],"version-history":[{"count":0,"href":"https:\/\/www.europesays.com\/ee\/wp-json\/wp\/v2\/posts\/129810\/revisions"}],"wp:featuredmedia":[{"embeddable":true,"href":"https:\/\/www.europesays.com\/ee\/wp-json\/wp\/v2\/media\/129811"}],"wp:attachment":[{"href":"https:\/\/www.europesays.com\/ee\/wp-json\/wp\/v2\/media?parent=129810"}],"wp:term":[{"taxonomy":"category","embeddable":true,"href":"https:\/\/www.europesays.com\/ee\/wp-json\/wp\/v2\/categories?post=129810"},{"taxonomy":"post_tag","embeddable":true,"href":"https:\/\/www.europesays.com\/ee\/wp-json\/wp\/v2\/tags?post=129810"}],"curies":[{"name":"wp","href":"https:\/\/api.w.org\/{rel}","templated":true}]}}