{"id":129851,"date":"2026-03-15T19:37:11","date_gmt":"2026-03-15T19:37:11","guid":{"rendered":"https:\/\/www.europesays.com\/ee\/129851\/"},"modified":"2026-03-15T19:37:11","modified_gmt":"2026-03-15T19:37:11","slug":"werder-uinus-poolaegade-alguses-ja-kaotas-lahirivaalile-aga-pusib-napilt-st-pauli-ees-soccernet-ee","status":"publish","type":"post","link":"https:\/\/www.europesays.com\/ee\/129851\/","title":{"rendered":"Werder uinus poolaegade alguses ja kaotas l\u00e4hirivaalile, aga p\u00fcsib napilt St. Pauli ees &#8211; Soccernet.ee"},"content":{"rendered":"<p><img decoding=\"async\" src=\"https:\/\/www.europesays.com\/ee\/wp-content\/uploads\/2026\/03\/1773601695.jpg\" alt=\"Mio Backhausile l\u00f6\u00f6di kaks v\u00e4ravat. Foto: Scanpix \/ Carmen Jaspersen \/ dpa \/ picture-alliance\"\/>&#13;\n<\/p>\n<p>Saksamaa k\u00f5rgliigas sai l\u00e4bi Eesti koondise v\u00e4ravavahi Karl Jakob Heina koduklubi Bremeni Werderi kahem\u00e4nguline v\u00f5iduseeria, kui koduv\u00e4ljakul j\u00e4\u00e4di 0:2 alla Mainzile.<\/p>\n<p>Arsenalist Werderis laenul olev Hein j\u00e4lgis taas pingilt, kuidas esiv\u00e4ravavaht Mio Backhaus postide vahel seisis. Backhausile l\u00f6\u00f6di esimene v\u00e4rav juba kuuendal minutil, kui Paul Nebel suunas Phillipp Mwene tsenderduse peaga latip\u00f5rkest v\u00f5rku. Werder alustas ka teist poolaega uimaselt ja Mainz l\u00f5i kiiresti teise v\u00e4rava, kui Lee Jae-Sung skooris m\u00f5nelt meetrilt Sheraldo Beckeri s\u00f6\u00f6du j\u00e4rel.&#13;\n<\/p>\n<p>Mainz t\u00f5usis tabelis kahe punktiga Werderi ja K\u00f6lni ette 13. kohale. Werder langes 15. kohale, edestades kaheksa vooru enne hooaja l\u00f5ppu Karol Metsa koduklubi St. Paulit \u00fche, Wolfsburgi nelja ja punast laternat Heidenheimi 11 punktiga. Werderi j\u00e4rgmine m\u00e4ng toimub 21. m\u00e4rtsil v\u00f5\u00f5rsil Wolfsburgi vastu.&#13;\n<\/p>\n<p>Tabeli keskmike lahingus sai Berliini Union v\u00f5\u00f5rsil dramaatilise 1:0 v\u00f5idu Freiburgi \u00fcle. M\u00e4ngu ainus v\u00e4rav l\u00f6\u00f6di alles 90+2. minutil, kui Joeng Woo-Yeong keerutas karistusalast palli posti k\u00f5rvale. Freiburg asub kaheksandal ja kolm punkti v\u00e4hem kogunud Union \u00fcheksandal kohal.&#13;<\/p>\n","protected":false},"excerpt":{"rendered":"&#13; Saksamaa k\u00f5rgliigas sai l\u00e4bi Eesti koondise v\u00e4ravavahi Karl Jakob Heina koduklubi Bremeni Werderi kahem\u00e4nguline v\u00f5iduseeria, kui koduv\u00e4ljakul&hellip;\n","protected":false},"author":2,"featured_media":129852,"comment_status":"","ping_status":"","sticky":false,"template":"","format":"standard","meta":{"footnotes":"","_share_on_mastodon":"0"},"categories":[18],"tags":[524,16302,526,37,33,35,34,36,528,532,536,537,3910,159,158,6567,539],"class_list":["post-129851","post","type-post","status-publish","format-standard","has-post-thumbnail","category-sport","tag-backhaus","tag-berliini-union","tag-bremeni-werder","tag-ee","tag-eesti","tag-eesti-keel","tag-estonia","tag-estonian","tag-freiburg","tag-hein","tag-karl-jakob-hein","tag-mainz","tag-mio-backhaus","tag-sport","tag-sports","tag-union","tag-werder"],"share_on_mastodon":{"url":"https:\/\/pubeurope.com\/@ee\/116234881776698034","error":""},"_links":{"self":[{"href":"https:\/\/www.europesays.com\/ee\/wp-json\/wp\/v2\/posts\/129851","targetHints":{"allow":["GET"]}}],"collection":[{"href":"https:\/\/www.europesays.com\/ee\/wp-json\/wp\/v2\/posts"}],"about":[{"href":"https:\/\/www.europesays.com\/ee\/wp-json\/wp\/v2\/types\/post"}],"author":[{"embeddable":true,"href":"https:\/\/www.europesays.com\/ee\/wp-json\/wp\/v2\/users\/2"}],"replies":[{"embeddable":true,"href":"https:\/\/www.europesays.com\/ee\/wp-json\/wp\/v2\/comments?post=129851"}],"version-history":[{"count":0,"href":"https:\/\/www.europesays.com\/ee\/wp-json\/wp\/v2\/posts\/129851\/revisions"}],"wp:featuredmedia":[{"embeddable":true,"href":"https:\/\/www.europesays.com\/ee\/wp-json\/wp\/v2\/media\/129852"}],"wp:attachment":[{"href":"https:\/\/www.europesays.com\/ee\/wp-json\/wp\/v2\/media?parent=129851"}],"wp:term":[{"taxonomy":"category","embeddable":true,"href":"https:\/\/www.europesays.com\/ee\/wp-json\/wp\/v2\/categories?post=129851"},{"taxonomy":"post_tag","embeddable":true,"href":"https:\/\/www.europesays.com\/ee\/wp-json\/wp\/v2\/tags?post=129851"}],"curies":[{"name":"wp","href":"https:\/\/api.w.org\/{rel}","templated":true}]}}