{"id":12991,"date":"2025-10-06T16:13:07","date_gmt":"2025-10-06T16:13:07","guid":{"rendered":"https:\/\/www.europesays.com\/ee\/12991\/"},"modified":"2025-10-06T16:13:07","modified_gmt":"2025-10-06T16:13:07","slug":"zuleyxa-izmailova-%e2%9f%a9-maailm-markas-meie-soid-nuud-on-meie-kord","status":"publish","type":"post","link":"https:\/\/www.europesays.com\/ee\/12991\/","title":{"rendered":"Z\u00dcLEYXA IZMAILOVA \u27e9 Maailm m\u00e4rkas meie soid \u2013 n\u00fc\u00fcd on meie kord"},"content":{"rendered":"<p>Mainekas v\u00e4ljaanne Politico kirjutas, kuidas Eesti m\u00e4rgalad v\u00f5ivad olla kaitseliin Putini tankide vastu. Globaalse haardega BBC Travel n\u00e4itas samal ajal Eestit kui m\u00fcstilist soomaad, kus laugastikud ja turbasamblav\u00e4ljad on rahvusliku identiteedi ja igap\u00e4evaelu osa.<\/p>\n<p>Meid n\u00e4hakse rahvana, kes on loodusega lahutamatult seotud. Meie soid ja rabasid ei peeta t\u00fchermaaks, vaid neis n\u00e4hakse Eesti tugevust ja v\u00e4\u00e4rtust. Need kaks kajastust pakuvad haruldast v\u00f5imalust vaadata end k\u00f5rvalt ja m\u00f5ista, mida maailm peale e-riigi kuvandi Eesti puhul v\u00e4\u00e4rtustab. K\u00fcsimus on selles, kas meie ise julgeme seda lugu omaks v\u00f5tta ja selle j\u00e4rgi ka tegutseda?<\/p>\n","protected":false},"excerpt":{"rendered":"Mainekas v\u00e4ljaanne Politico kirjutas, kuidas Eesti m\u00e4rgalad v\u00f5ivad olla kaitseliin Putini tankide vastu. Globaalse haardega BBC Travel n\u00e4itas&hellip;\n","protected":false},"author":2,"featured_media":12992,"comment_status":"","ping_status":"","sticky":false,"template":"","format":"standard","meta":{"footnotes":""},"categories":[12],"tags":[3606,26,27,37,33,35,34,36,31,32,21,8635,28,29,19,2829,25,1801,8636,23,24,262,22,20,96,30,8637],"class_list":{"0":"post-12991","1":"post","2":"type-post","3":"status-publish","4":"format-standard","5":"has-post-thumbnail","7":"category-eesti","8":"tag-bbc","9":"tag-breaking-news","10":"tag-breakingnews","11":"tag-ee","12":"tag-eesti","13":"tag-eesti-keel","14":"tag-estonia","15":"tag-estonian","16":"tag-featured-news","17":"tag-featurednews","18":"tag-headlines","19":"tag-indrek-teder","20":"tag-latest-news","21":"tag-latestnews","22":"tag-news","23":"tag-politico","24":"tag-populaarseimad-lood","25":"tag-sde","26":"tag-sood","27":"tag-top-stories","28":"tag-topstories","29":"tag-ukraina","30":"tag-uldised-uudised","31":"tag-uudised","32":"tag-venemaa","33":"tag-viimased-uudised","34":"tag-zuleyxa-izmailova"},"share_on_mastodon":{"url":"","error":""},"_links":{"self":[{"href":"https:\/\/www.europesays.com\/ee\/wp-json\/wp\/v2\/posts\/12991","targetHints":{"allow":["GET"]}}],"collection":[{"href":"https:\/\/www.europesays.com\/ee\/wp-json\/wp\/v2\/posts"}],"about":[{"href":"https:\/\/www.europesays.com\/ee\/wp-json\/wp\/v2\/types\/post"}],"author":[{"embeddable":true,"href":"https:\/\/www.europesays.com\/ee\/wp-json\/wp\/v2\/users\/2"}],"replies":[{"embeddable":true,"href":"https:\/\/www.europesays.com\/ee\/wp-json\/wp\/v2\/comments?post=12991"}],"version-history":[{"count":0,"href":"https:\/\/www.europesays.com\/ee\/wp-json\/wp\/v2\/posts\/12991\/revisions"}],"wp:featuredmedia":[{"embeddable":true,"href":"https:\/\/www.europesays.com\/ee\/wp-json\/wp\/v2\/media\/12992"}],"wp:attachment":[{"href":"https:\/\/www.europesays.com\/ee\/wp-json\/wp\/v2\/media?parent=12991"}],"wp:term":[{"taxonomy":"category","embeddable":true,"href":"https:\/\/www.europesays.com\/ee\/wp-json\/wp\/v2\/categories?post=12991"},{"taxonomy":"post_tag","embeddable":true,"href":"https:\/\/www.europesays.com\/ee\/wp-json\/wp\/v2\/tags?post=12991"}],"curies":[{"name":"wp","href":"https:\/\/api.w.org\/{rel}","templated":true}]}}