{"id":129974,"date":"2026-03-15T23:11:02","date_gmt":"2026-03-15T23:11:02","guid":{"rendered":"https:\/\/www.europesays.com\/ee\/129974\/"},"modified":"2026-03-15T23:11:02","modified_gmt":"2026-03-15T23:11:02","slug":"kolvart-soovitab-valitsusel-ajutiselt-kutuse-kaibemaksu-langetada","status":"publish","type":"post","link":"https:\/\/www.europesays.com\/ee\/129974\/","title":{"rendered":"K\u00f5lvart soovitab valitsusel ajutiselt k\u00fctuse k\u00e4ibemaksu langetada"},"content":{"rendered":"<p>Keskerakonna esimees Mihhail K\u00f5lvart soovitab valitsusel k\u00fctuse hinnat\u00f5usu leevendamiseks ajutiselt k\u00fctuse k\u00e4ibemaksu langetada, et v\u00e4ltida hinnat\u00f5usu kandumist kogu majandusse, kirjutab BNS.<\/p>\n<p>\u201cEesti majandus on kolmeaastase languse ning arvukate maksut\u00f5usude j\u00e4rel j\u00f5udnud olukorda, kus inimestel ja ettev\u00f5tetel puudub puhver uute ootamatute kulutustega toime tulla,\u201d \u00fctles K\u00f5lvart Paides toimuva partei volikogu istungi poliitilises avalduses. \u201cLisaks planeeritud aktsiisit\u00f5usu \u00e4raj\u00e4tmisele tuleb langetada ajutiselt ka k\u00fctuse k\u00e4ibemaksu. \u00dcksnes riigipoolse hinnat\u00f5usu t\u00fchistamisest ei piisa, vaid tuleb leevendada ka juba toimunud ning l\u00e4hitulevikus toimuvaid hinnat\u00f5use.\u201d<\/p>\n<p>K\u00f5lvarti s\u00f5nul m\u00f5jutab k\u00fctuse hind kogu majandust ning see on oluline sisend mitte ainult logistikavaldkonnas, vaid ka t\u00f6\u00f6stuses, sealhulgas toiduainet\u00f6\u00f6stuses ja p\u00f5llumajanduses. Eesti toiduainet\u00f6\u00f6stus ja kaubandus on tema hinnangul j\u00e4tkuvalt languses ning ka p\u00f5llumajandus on l\u00e4binud mitmeid kriise.<\/p>\n<p>\u201cEesti inimeste seas on kerkinud absoluutse vaesuse osakaal ning toit on juba t\u00e4naste hindade juures paljudele k\u00e4ttesaamatu. Sellest tulenevalt on kasvanud ka poevarguste arv. Toidu k\u00e4ibemaksu alandamise petitsiooni otsustas Reformierakonna juhitav koalitsioon hoolimata 100 000 inimese toetusest pr\u00fcgikasti visata. Toidu hinna kallinemine k\u00fctusehindade m\u00f5jul aga halvendaks olukorda nii inimeste toimetuleku kui riigi majanduse m\u00f5ttes veelgi,\u201d m\u00e4rkis K\u00f5lvart.<\/p>\n<p>Olukorra t\u00f5sidusest annab K\u00f5lvarti hinnangul m\u00e4rku ka j\u00e4rgmisel n\u00e4dalal toimuv p\u00f5llumeeste \u00fcleriigiline protestiaktsioon.<\/p>\n<p>\u201cP\u00f5llumehed on pidanud viimase aasta jooksul taluma lisaks tavap\u00e4rastele probleemidele ka \u00fcleujutusi ja seakatku, samuti valitsuse \u00fcksk\u00f5iksust nende kriiside lahendamisel. M\u00e4rgakem p\u00f5llumehi ja tunnustagem nende kandvat rolli Eesti toidujulgeoleku tagamisel. Riigi kohustus on hoida \u00e4ra k\u00fctusehinna p\u00f5hjustatud j\u00e4rgmine kriis meie p\u00f5llumajanduse ja kogu toidujulgeoleku jaoks,\u201d deklareeris K\u00f5lvart.<\/p>\n<p>Tema s\u00f5nul ei peaks korras majanduse ja l\u00e4bim\u00f5eldud maksus\u00fcsteemiga riigis olema vaja iga ootamatuse korral v\u00e4lja t\u00f6\u00f6tada toetus- ja kompensatsioonimeetmeid.<\/p>\n<p>\u201cEestis on aga viimase kolme aasta jooksul kehtestatud maksut\u00f5usudega ja j\u00e4rsult t\u00f5usnud elektrihindadega ammendunud inimeste ning ettev\u00f5tete taluvuspiir uute kulutustega toimetulekul. Seet\u00f5ttu on riigipoolsed sammud k\u00fctusehinna stabiliseerimiseks praegu h\u00e4davajalikud,\u201d selgitas K\u00f5lvart.<\/p>\n","protected":false},"excerpt":{"rendered":"Keskerakonna esimees Mihhail K\u00f5lvart soovitab valitsusel k\u00fctuse hinnat\u00f5usu leevendamiseks ajutiselt k\u00fctuse k\u00e4ibemaksu langetada, et v\u00e4ltida hinnat\u00f5usu kandumist kogu&hellip;\n","protected":false},"author":2,"featured_media":129975,"comment_status":"","ping_status":"","sticky":false,"template":"","format":"standard","meta":{"footnotes":"","_share_on_mastodon":"0"},"categories":[5],"tags":[26,27,37,33,35,15015,34,36,31,32,21,43,9845,819,59247,17664,28,29,672,16061,5967,647,19,25,23,24,22,20,30],"class_list":["post-129974","post","type-post","status-publish","format-standard","has-post-thumbnail","category-uldised-uudised","tag-breaking-news","tag-breakingnews","tag-ee","tag-eesti","tag-eesti-keel","tag-elektrihinnad","tag-estonia","tag-estonian","tag-featured-news","tag-featurednews","tag-headlines","tag-hinnatous","tag-kaibemaksu-langetamine","tag-keskerakond","tag-kompensatsioonimeetmed","tag-kutuse-hinnatous","tag-latest-news","tag-latestnews","tag-majandus","tag-maksususteem","tag-maksutous","tag-mihhail-kolvart","tag-news","tag-populaarseimad-lood","tag-top-stories","tag-topstories","tag-uldised-uudised","tag-uudised","tag-viimased-uudised"],"share_on_mastodon":{"url":"https:\/\/pubeurope.com\/@ee\/116235723292972710","error":""},"_links":{"self":[{"href":"https:\/\/www.europesays.com\/ee\/wp-json\/wp\/v2\/posts\/129974","targetHints":{"allow":["GET"]}}],"collection":[{"href":"https:\/\/www.europesays.com\/ee\/wp-json\/wp\/v2\/posts"}],"about":[{"href":"https:\/\/www.europesays.com\/ee\/wp-json\/wp\/v2\/types\/post"}],"author":[{"embeddable":true,"href":"https:\/\/www.europesays.com\/ee\/wp-json\/wp\/v2\/users\/2"}],"replies":[{"embeddable":true,"href":"https:\/\/www.europesays.com\/ee\/wp-json\/wp\/v2\/comments?post=129974"}],"version-history":[{"count":0,"href":"https:\/\/www.europesays.com\/ee\/wp-json\/wp\/v2\/posts\/129974\/revisions"}],"wp:featuredmedia":[{"embeddable":true,"href":"https:\/\/www.europesays.com\/ee\/wp-json\/wp\/v2\/media\/129975"}],"wp:attachment":[{"href":"https:\/\/www.europesays.com\/ee\/wp-json\/wp\/v2\/media?parent=129974"}],"wp:term":[{"taxonomy":"category","embeddable":true,"href":"https:\/\/www.europesays.com\/ee\/wp-json\/wp\/v2\/categories?post=129974"},{"taxonomy":"post_tag","embeddable":true,"href":"https:\/\/www.europesays.com\/ee\/wp-json\/wp\/v2\/tags?post=129974"}],"curies":[{"name":"wp","href":"https:\/\/api.w.org\/{rel}","templated":true}]}}