{"id":129989,"date":"2026-03-16T00:15:38","date_gmt":"2026-03-16T00:15:38","guid":{"rendered":"https:\/\/www.europesays.com\/ee\/129989\/"},"modified":"2026-03-16T00:15:38","modified_gmt":"2026-03-16T00:15:38","slug":"viktor-orbani-ungari-on-eestile-hoiatuseks","status":"publish","type":"post","link":"https:\/\/www.europesays.com\/ee\/129989\/","title":{"rendered":"Viktor Orb\u00e1ni Ungari on Eestile hoiatuseks"},"content":{"rendered":"<p>Parempoolsete hinnangul n\u00e4itab Viktor Orb\u00e1ni juhitud Ungari, mis v\u00f5ib juhtuda siis, kui poliitikud ehitavad \u00fcles klientelistliku \u00fchiskonna, kus inimeste sissetulek s\u00f5ltub suhetest v\u00f5imuga, mitte nende oskustest ja tegudest, kirjutab BNS.<\/p>\n<p>Parempoolsete s\u00f5nul saab sellises olukorras demokraatia v\u00e4ga kiiresti lammutada. Orb\u00e1n on Ungaris v\u00f5imul olnud 16 aastat, kuid praegusesse seisu j\u00f5udis riik pelgalt m\u00f5ne aastaga. Edasi on v\u00f5imu peamiselt hoitud.<\/p>\n<p>\u201eLoodetavasti ei \u00f5nnestu Orb\u00e1nil olla v\u00f5imul kauem kui 16 aastat, sest praeguste toetusreitingute j\u00e4rgi peaks ta aprillis toimuvatel parlamendivalimistel opositsioonile kaotama. Muidugi on ta aga kaotuse v\u00e4ltimiseks kasutusse v\u00f5tnud k\u00f5ikv\u00f5imalikud meetmed, alustades eriti r\u00e4igest propagandast ning l\u00f5petades otseselt Venemaaga seotud kampaaniaabilistega,\u201c kirjutavad Parempoolsed enda logi 187. sissekandes. \u201eDemokraatia lammutamine v\u00f5ib juhtuda v\u00e4ga kiiresti ka siin, kui v\u00f5imule saavad poliitikud, kes kasutavad sama tegevusplaani.\u201c<\/p>\n<p>Erakond t\u00f5i n\u00e4iteks riigikantselei viimase aasta personalipoliitika, kus peaminister valis v\u00e4lja endale sobiva riigisekret\u00e4ri ja muutis selle ametisse nimetamiseks seadust. Parempoolsete kinnitusel t\u00f5i riigisekret\u00e4r seej\u00e4rel omakorda juhtivatele ametikohtadele inimesi oma varasematelt t\u00f6\u00f6kohtadelt.<\/p>\n","protected":false},"excerpt":{"rendered":"Parempoolsete hinnangul n\u00e4itab Viktor Orb\u00e1ni juhitud Ungari, mis v\u00f5ib juhtuda siis, kui poliitikud ehitavad \u00fcles klientelistliku \u00fchiskonna, kus&hellip;\n","protected":false},"author":2,"featured_media":129990,"comment_status":"","ping_status":"","sticky":false,"template":"","format":"standard","meta":{"footnotes":"","_share_on_mastodon":"0"},"categories":[80],"tags":[26,27,2260,37,33,35,34,36,31,32,21,28,29,95,19,1059,999,25,3754,23,24,22,118,20,30,3796,92,93,94],"class_list":["post-129989","post","type-post","status-publish","format-standard","has-post-thumbnail","category-maailm","tag-breaking-news","tag-breakingnews","tag-demokraatia","tag-ee","tag-eesti","tag-eesti-keel","tag-estonia","tag-estonian","tag-featured-news","tag-featurednews","tag-headlines","tag-latest-news","tag-latestnews","tag-maailm","tag-news","tag-parempoolsed","tag-poliitika","tag-populaarseimad-lood","tag-sissetulek","tag-top-stories","tag-topstories","tag-uldised-uudised","tag-ungari","tag-uudised","tag-viimased-uudised","tag-viktor-orban","tag-world","tag-world-news","tag-worldnews"],"share_on_mastodon":{"url":"https:\/\/pubeurope.com\/@ee\/116235974996612120","error":""},"_links":{"self":[{"href":"https:\/\/www.europesays.com\/ee\/wp-json\/wp\/v2\/posts\/129989","targetHints":{"allow":["GET"]}}],"collection":[{"href":"https:\/\/www.europesays.com\/ee\/wp-json\/wp\/v2\/posts"}],"about":[{"href":"https:\/\/www.europesays.com\/ee\/wp-json\/wp\/v2\/types\/post"}],"author":[{"embeddable":true,"href":"https:\/\/www.europesays.com\/ee\/wp-json\/wp\/v2\/users\/2"}],"replies":[{"embeddable":true,"href":"https:\/\/www.europesays.com\/ee\/wp-json\/wp\/v2\/comments?post=129989"}],"version-history":[{"count":0,"href":"https:\/\/www.europesays.com\/ee\/wp-json\/wp\/v2\/posts\/129989\/revisions"}],"wp:featuredmedia":[{"embeddable":true,"href":"https:\/\/www.europesays.com\/ee\/wp-json\/wp\/v2\/media\/129990"}],"wp:attachment":[{"href":"https:\/\/www.europesays.com\/ee\/wp-json\/wp\/v2\/media?parent=129989"}],"wp:term":[{"taxonomy":"category","embeddable":true,"href":"https:\/\/www.europesays.com\/ee\/wp-json\/wp\/v2\/categories?post=129989"},{"taxonomy":"post_tag","embeddable":true,"href":"https:\/\/www.europesays.com\/ee\/wp-json\/wp\/v2\/tags?post=129989"}],"curies":[{"name":"wp","href":"https:\/\/api.w.org\/{rel}","templated":true}]}}