{"id":130061,"date":"2026-03-16T05:48:12","date_gmt":"2026-03-16T05:48:12","guid":{"rendered":"https:\/\/www.europesays.com\/ee\/130061\/"},"modified":"2026-03-16T05:48:12","modified_gmt":"2026-03-16T05:48:12","slug":"f1-sari-sai-uue-etapivoitja-mclarenit-tabas-krahh-postimees-sport","status":"publish","type":"post","link":"https:\/\/www.europesays.com\/ee\/130061\/","title":{"rendered":"F1-sari sai uue etapiv\u00f5itja, McLarenit tabas krahh &#8211; Postimees Sport"},"content":{"rendered":"<ol>\n<li><a href=\"https:\/\/news.google.com\/rss\/articles\/CBMijAFBVV95cUxNVnhVLThDR3ZBN28zdWxDb2Q5TmY1U0l6cVJ5OHBpTzJVNlJKZlpZbzhJTXdhWEV2MU9WWFQzOEU4amtoWHk5dlpEanlKekJ5bjlNSXpYdWNKaGdvb05qRk1PRW5vWVRsWVZINmdjZUtTSldWcF8tUTdkVUNpaWJlRUIzTTNkWVEwS3pJNw?oc=5\" target=\"_blank\" rel=\"nofollow noopener\">F1-sari sai uue etapiv\u00f5itja, McLarenit tabas krahh<\/a>&nbsp;&nbsp;Postimees Sport<\/li>\n<li><a href=\"https:\/\/news.google.com\/rss\/articles\/CBMiygFBVV95cUxPZ2JFOFBhRUlFVEpfV0F2OW8yZ0pPd3VLNkhaM05Tbk9RcTZDYnZVWEZhOUhleG5fMnRnSVdmVUVEeGRsNzIxZFRYSEJORWsyMHZCbWRrYlZ1dTV6TFdYcjFneTZBcWpsUEY0a2luLTh2RXdTS2tTS3NEZGRNMDdSVjZEQTItdjBOekhYVFctZVZBRFJTdEN3TVh0eFNwNmhWZUNGbHFxalZlVGl6Q01tTXc2U1c2NEN1ZTc1b2Y2VEU5TDBydnl4dGxR?oc=5\" target=\"_blank\" rel=\"nofollow noopener\">Hiina GP: 19-aastane Antonelli avas v\u00f5itudearve, Hamilton esmakordselt Ferrariga poodiumil<\/a>&nbsp;&nbsp;Delfi Sport<\/li>\n<li><a href=\"https:\/\/news.google.com\/rss\/articles\/CBMijAFBVV95cUxOeWRCN0VRS29ob2NhSkZjdFZWSWE3aXFyR1dTU0tHc0RFRVM3UHBRQXcxYjR6ZHA2dWJoakttS3FOMWp5RlluS2JGQWk2Vl9tQzRpTEFfN0FUV29rU0VLcmpHb0FIS0szOHVPQzVXbHZRV28xcmplX01jQld4TWRVMHN2MXVqaHpVRE15WQ?oc=5\" target=\"_blank\" rel=\"nofollow noopener\">Mercedesed stardivad esireast ka Hiina sprindis\u00f5idus<\/a>&nbsp;&nbsp;sport | ERR<\/li>\n<li><a href=\"https:\/\/news.google.com\/rss\/articles\/CBMiP0FVX3lxTE5FV3Q5M0tWaHdNZjZ6dlZ3S2VMWjM1ZUVidzhkMUVzNWlzRlJQWTNtR1E4eTQzb0R5bldtaTR5NA?oc=5\" target=\"_blank\" rel=\"nofollow noopener\">Antonelli sai karj\u00e4\u00e4ri esimese etapiv\u00f5idu, McLarenit tabas ko\u0161maar<\/a>&nbsp;&nbsp;Uudis.net<\/li>\n<li><a href=\"https:\/\/news.google.com\/rss\/articles\/CBMi2AFBVV95cUxPZ3g3Z05qSnpsTlIwZnJTa1Q5TjV1b2swaFhLSEJZY3JwOE9seEYyeW5mTE92dUZBanJKczR6WmpCTjZzWGxEWTVUbTZOTnJ5X2YwSzFDUzJxRnFZLW1lcS13OFNXX0I0aXlUMzV4SGlfLXhTS0RtWE5Hd0xidnZpZHV1SExwemxHWTBPS0RmbEh0UUZUdFVncUVReXdnZURKT2cxZ2g1T2xtamt1bzJFSU5uN3NGN3FSWEQyYlFabXV0OUM0Rk9VdWhwc2lVSmhkNktJWlB2N0o?oc=5\" target=\"_blank\" rel=\"nofollow noopener\">\u201eTa on Itaaliast, Kimi R\u00e4ikk\u00f6nen!\u201c Uue vormeliprintsi unustamatu p\u00e4ev l\u00f5ppes pisarate ja unustamatu seigaga<\/a>&nbsp;&nbsp;\u00d5htuleht<\/li>\n<\/ol>\n","protected":false},"excerpt":{"rendered":"F1-sari sai uue etapiv\u00f5itja, McLarenit tabas krahh&nbsp;&nbsp;Postimees Sport Hiina GP: 19-aastane Antonelli avas v\u00f5itudearve, Hamilton esmakordselt Ferrariga poodiumil&nbsp;&nbsp;Delfi&hellip;\n","protected":false},"author":2,"featured_media":130062,"comment_status":"","ping_status":"","sticky":false,"template":"","format":"standard","meta":{"footnotes":"","_share_on_mastodon":"0"},"categories":[5],"tags":[26,27,37,33,35,34,36,8136,31,32,1956,21,58966,2162,19344,28,29,1573,586,19,25,12915,23,24,22,20,30],"class_list":["post-130061","post","type-post","status-publish","format-standard","has-post-thumbnail","category-uldised-uudised","tag-breaking-news","tag-breakingnews","tag-ee","tag-eesti","tag-eesti-keel","tag-estonia","tag-estonian","tag-f1","tag-featured-news","tag-featurednews","tag-george-russell","tag-headlines","tag-hiina-gp","tag-jaapan","tag-kimi-antonelli","tag-latest-news","tag-latestnews","tag-lewis-hamilton","tag-max-verstappen","tag-news","tag-populaarseimad-lood","tag-sprint","tag-top-stories","tag-topstories","tag-uldised-uudised","tag-uudised","tag-viimased-uudised"],"share_on_mastodon":{"url":"https:\/\/pubeurope.com\/@ee\/116237284449599964","error":""},"_links":{"self":[{"href":"https:\/\/www.europesays.com\/ee\/wp-json\/wp\/v2\/posts\/130061","targetHints":{"allow":["GET"]}}],"collection":[{"href":"https:\/\/www.europesays.com\/ee\/wp-json\/wp\/v2\/posts"}],"about":[{"href":"https:\/\/www.europesays.com\/ee\/wp-json\/wp\/v2\/types\/post"}],"author":[{"embeddable":true,"href":"https:\/\/www.europesays.com\/ee\/wp-json\/wp\/v2\/users\/2"}],"replies":[{"embeddable":true,"href":"https:\/\/www.europesays.com\/ee\/wp-json\/wp\/v2\/comments?post=130061"}],"version-history":[{"count":0,"href":"https:\/\/www.europesays.com\/ee\/wp-json\/wp\/v2\/posts\/130061\/revisions"}],"wp:featuredmedia":[{"embeddable":true,"href":"https:\/\/www.europesays.com\/ee\/wp-json\/wp\/v2\/media\/130062"}],"wp:attachment":[{"href":"https:\/\/www.europesays.com\/ee\/wp-json\/wp\/v2\/media?parent=130061"}],"wp:term":[{"taxonomy":"category","embeddable":true,"href":"https:\/\/www.europesays.com\/ee\/wp-json\/wp\/v2\/categories?post=130061"},{"taxonomy":"post_tag","embeddable":true,"href":"https:\/\/www.europesays.com\/ee\/wp-json\/wp\/v2\/tags?post=130061"}],"curies":[{"name":"wp","href":"https:\/\/api.w.org\/{rel}","templated":true}]}}