{"id":130159,"date":"2026-03-16T08:18:21","date_gmt":"2026-03-16T08:18:21","guid":{"rendered":"https:\/\/www.europesays.com\/ee\/130159\/"},"modified":"2026-03-16T08:18:21","modified_gmt":"2026-03-16T08:18:21","slug":"delfi-video-otepaa-mk-etappi-vaisanud-president-alar-karis-tribuunil-toimuv-on-kohati-isegi-voistlusest-vahvam","status":"publish","type":"post","link":"https:\/\/www.europesays.com\/ee\/130159\/","title":{"rendered":"DELFI VIDEO | Otep\u00e4\u00e4 MK-etappi v\u00e4isanud president Alar Karis: trib\u00fc\u00fcnil toimuv on kohati isegi v\u00f5istlusest vahvam"},"content":{"rendered":"<p>\u201eMuljed on alati v\u00e4gevad, kui kohapeal oled. See, mis toimub trib\u00fc\u00fcnidel, on kohati isegi vahvam, kui see, mis toimub lume peal. K\u00f5ik see kokku oli v\u00e4gev ja tore \u00fcritus. Ja j\u00e4rgmisel aastal on veel suured v\u00f5istlused ees (Otep\u00e4\u00e4l toimub laskesuusatamise MM &#8211; toim). Proov on tehtud,\u201c r\u00e4\u00e4kis Karis p\u00e4rast segateates\u00f5itu Delfile.<\/p>\n<p>Kas Karist \u00fcllatas Otep\u00e4\u00e4 MK-etappi k\u00fclastades miski? \u201eEga ma siin esimest korda pole. Olen ennegi k\u00e4inud maailmakarika etappe vaatamas ja mitte ainult siin. \u00dcllatusi polnud. Kui sulle see l\u00e4rm kohale tuleb, saad sa aru, mis see tegelikult t\u00e4hendab,\u201c vastas Karis.<\/p>\n<p>Vaata videointervjuud Alar Karisega!<\/p>\n<p>Kuidas see lugu Sind end tundma pani? Saada <a href=\"https:\/\/sport.delfi.ee\/artikkel\/120442420\/delfi-video-otepaa-mk-etappi-vaisanud-president-alar-karis-tribuunil-toimuv-on-kohati-isegi-voistlusest-vahvam\/kommentaarid\" class=\"article-body-bottom__comment article-body-bottom__comment--write button button--primary button--size-auto\" rel=\"nofollow noopener\" target=\"_blank\"> Kommenteeri <\/a><a href=\"https:\/\/sport.delfi.ee\/artikkel\/120442420\/delfi-video-otepaa-mk-etappi-vaisanud-president-alar-karis-tribuunil-toimuv-on-kohati-isegi-voistlusest-vahvam\/kommentaarid\" class=\"article-body-bottom__comment article-body-bottom__comment--read button button--size-auto\" rel=\"nofollow noopener\" target=\"_blank\"> Loe kommentaare (64)<\/a><\/p>\n","protected":false},"excerpt":{"rendered":"\u201eMuljed on alati v\u00e4gevad, kui kohapeal oled. See, mis toimub trib\u00fc\u00fcnidel, on kohati isegi vahvam, kui see, mis&hellip;\n","protected":false},"author":2,"featured_media":130160,"comment_status":"","ping_status":"","sticky":false,"template":"","format":"standard","meta":{"footnotes":"","_share_on_mastodon":"0"},"categories":[18],"tags":[1687,37,33,35,34,36,1316,1686,159,158],"class_list":["post-130159","post","type-post","status-publish","format-standard","has-post-thumbnail","category-sport","tag-alar-karis","tag-ee","tag-eesti","tag-eesti-keel","tag-estonia","tag-estonian","tag-otepaa","tag-president","tag-sport","tag-sports"],"share_on_mastodon":{"url":"https:\/\/pubeurope.com\/@ee\/116237874388336986","error":""},"_links":{"self":[{"href":"https:\/\/www.europesays.com\/ee\/wp-json\/wp\/v2\/posts\/130159","targetHints":{"allow":["GET"]}}],"collection":[{"href":"https:\/\/www.europesays.com\/ee\/wp-json\/wp\/v2\/posts"}],"about":[{"href":"https:\/\/www.europesays.com\/ee\/wp-json\/wp\/v2\/types\/post"}],"author":[{"embeddable":true,"href":"https:\/\/www.europesays.com\/ee\/wp-json\/wp\/v2\/users\/2"}],"replies":[{"embeddable":true,"href":"https:\/\/www.europesays.com\/ee\/wp-json\/wp\/v2\/comments?post=130159"}],"version-history":[{"count":0,"href":"https:\/\/www.europesays.com\/ee\/wp-json\/wp\/v2\/posts\/130159\/revisions"}],"wp:featuredmedia":[{"embeddable":true,"href":"https:\/\/www.europesays.com\/ee\/wp-json\/wp\/v2\/media\/130160"}],"wp:attachment":[{"href":"https:\/\/www.europesays.com\/ee\/wp-json\/wp\/v2\/media?parent=130159"}],"wp:term":[{"taxonomy":"category","embeddable":true,"href":"https:\/\/www.europesays.com\/ee\/wp-json\/wp\/v2\/categories?post=130159"},{"taxonomy":"post_tag","embeddable":true,"href":"https:\/\/www.europesays.com\/ee\/wp-json\/wp\/v2\/tags?post=130159"}],"curies":[{"name":"wp","href":"https:\/\/api.w.org\/{rel}","templated":true}]}}