{"id":130234,"date":"2026-03-16T10:07:07","date_gmt":"2026-03-16T10:07:07","guid":{"rendered":"https:\/\/www.europesays.com\/ee\/130234\/"},"modified":"2026-03-16T10:07:07","modified_gmt":"2026-03-16T10:07:07","slug":"kahele-oscarile-nomineeritud-rezissoor-laheb-parast-auhindade-jagamist-otse-vangi","status":"publish","type":"post","link":"https:\/\/www.europesays.com\/ee\/130234\/","title":{"rendered":"Kahele Oscarile nomineeritud re\u017eiss\u00f6\u00f6r l\u00e4heb p\u00e4rast auhindade jagamist otse vangi"},"content":{"rendered":"<p>Filmiga \u201eLihtsalt \u00fcks \u00f5nnetus\u201c nii originaalstsenaariumi kui ka rahvusvahelise filmi kategoorias nominatsiooni saanud Panahile on Iraanis m\u00e4\u00e4ratud aastane vangistus ja kaheaastane reisikeeld. Sellest hoolimata plaanib ta p\u00e4rast Oscarite galat s\u00f5ita tagasi kodumaale, et s\u00fc\u00fcdim\u00f5istev otsus edasi kaevata. Ta ei v\u00e4lista ka v\u00f5imalust, et peab lihtsalt selle aja Iraani vanglas \u00e4ra kandma.<\/p>\n<p>65-aastane re\u017eiss\u00f6\u00f6r on juba kahel korral kodumaa vanglas karistust kandnud. Eelmainitud film, mis on p\u00e4lvinud arvukalt auhindu, sai Iraani seaduste j\u00e4rgi purki ebaseaduslikult. See jutustab loo viiest endisest Iraani poliitvangist, kes astuvad vastu mehele, kes neid vanglas v\u00e4idetavalt piinas. Selleks et valitsuse tsensuurist m\u00f6\u00f6da hiilida, filmiti see Teheranis \u00fcles ilma ametlike lubadeta. Selles n\u00e4idatakse ka naisi, kes ei kanna hid\u017eaabi.<\/p>\n<p>Re\u017eiss\u00f6\u00f6r on alates mais <a rel=\"noopener nofollow\" target=\"_blank\" href=\"https:\/\/www.delfi.ee\/teema\/66138948\/cannesi-filmifestival\" tag-id=\"66138948\">Cannes\u2019i filmifestivalil<\/a> toimunud esilinastust elanud eksiilis. Detsembris m\u00f5isteti ta s\u00fc\u00fcdi valitsusvastase propaganda tootmises ja filmi keelati Iraanis \u00e4ra. <\/p>\n<p>Kuigi Panahil oleks kindlasti t\u00f6\u00f6p\u00f5ldu ka rahvusvaheliselt, on ta otsustanud koju naasta. Panahi \u00fctles hiljuti, et kui ta oleks teadnud, et Iraanis s\u00f5da algab, poleks ta filmiga \u201eLihtsalt \u00fcks \u00f5nnetus\u201c auhindadele kandideerima hakanud. \u201eOleksin siis p\u00fc\u00fcdnud j\u00e4\u00e4da sinna, kus k\u00f5ik toimub, ja olnud oma inimestega,\u201c \u00fctles ta.<\/p>\n<p>Ta naasebki kodumaale just oma perekonna t\u00f5ttu, kes on selle perioodi v\u00e4ltel elanud endiselt Iraanis. Internetikatkestuste t\u00f5ttu pole ta viimastel kuudel nendega \u00fchendust saanud v\u00f5tta. \u201eMa ei saa olla nii isekas, et j\u00e4rsku j\u00e4tan h\u00fcvasti ja lahkun. Niipea kui see kampaania l\u00e4bi saab, pean leidma tagasi minemiseks viisi,\u201c s\u00f5nas Panahi. <\/p>\n<p>Kuidas see lugu Sind end tundma pani? Saada <a href=\"https:\/\/kroonika.delfi.ee\/artikkel\/120442505\/kahele-oscarile-nomineeritud-rezissoor-laheb-parast-auhindade-jagamist-otse-vangi\/kommentaarid\" class=\"article-body-bottom__comment article-body-bottom__comment--write button button--primary button--size-auto\" rel=\"nofollow noopener\" target=\"_blank\"> Kommenteeri <\/a><a href=\"https:\/\/kroonika.delfi.ee\/artikkel\/120442505\/kahele-oscarile-nomineeritud-rezissoor-laheb-parast-auhindade-jagamist-otse-vangi\/kommentaarid\" class=\"article-body-bottom__comment article-body-bottom__comment--read button button--size-auto\" rel=\"nofollow noopener\" target=\"_blank\"> Loe kommentaare (1)<\/a><\/p>\n","protected":false},"excerpt":{"rendered":"Filmiga \u201eLihtsalt \u00fcks \u00f5nnetus\u201c nii originaalstsenaariumi kui ka rahvusvahelise filmi kategoorias nominatsiooni saanud Panahile on Iraanis m\u00e4\u00e4ratud aastane&hellip;\n","protected":false},"author":2,"featured_media":130235,"comment_status":"","ping_status":"","sticky":false,"template":"","format":"standard","meta":{"footnotes":"","_share_on_mastodon":"0"},"categories":[16],"tags":[19242,37,33,35,173,34,36,140,30795],"class_list":["post-130234","post","type-post","status-publish","format-standard","has-post-thumbnail","category-meelelahutus","tag-cannesi-filmifestival","tag-ee","tag-eesti","tag-eesti-keel","tag-entertainment","tag-estonia","tag-estonian","tag-meelelahutus","tag-oscarid"],"share_on_mastodon":{"url":"https:\/\/pubeurope.com\/@ee\/116238303037689743","error":""},"_links":{"self":[{"href":"https:\/\/www.europesays.com\/ee\/wp-json\/wp\/v2\/posts\/130234","targetHints":{"allow":["GET"]}}],"collection":[{"href":"https:\/\/www.europesays.com\/ee\/wp-json\/wp\/v2\/posts"}],"about":[{"href":"https:\/\/www.europesays.com\/ee\/wp-json\/wp\/v2\/types\/post"}],"author":[{"embeddable":true,"href":"https:\/\/www.europesays.com\/ee\/wp-json\/wp\/v2\/users\/2"}],"replies":[{"embeddable":true,"href":"https:\/\/www.europesays.com\/ee\/wp-json\/wp\/v2\/comments?post=130234"}],"version-history":[{"count":0,"href":"https:\/\/www.europesays.com\/ee\/wp-json\/wp\/v2\/posts\/130234\/revisions"}],"wp:featuredmedia":[{"embeddable":true,"href":"https:\/\/www.europesays.com\/ee\/wp-json\/wp\/v2\/media\/130235"}],"wp:attachment":[{"href":"https:\/\/www.europesays.com\/ee\/wp-json\/wp\/v2\/media?parent=130234"}],"wp:term":[{"taxonomy":"category","embeddable":true,"href":"https:\/\/www.europesays.com\/ee\/wp-json\/wp\/v2\/categories?post=130234"},{"taxonomy":"post_tag","embeddable":true,"href":"https:\/\/www.europesays.com\/ee\/wp-json\/wp\/v2\/tags?post=130234"}],"curies":[{"name":"wp","href":"https:\/\/api.w.org\/{rel}","templated":true}]}}