{"id":130348,"date":"2026-03-16T11:58:07","date_gmt":"2026-03-16T11:58:07","guid":{"rendered":"https:\/\/www.europesays.com\/ee\/130348\/"},"modified":"2026-03-16T11:58:07","modified_gmt":"2026-03-16T11:58:07","slug":"vehklemisliidu-president-alar-eiche-astus-tagasi-kutsun-sama-tegema-kogu-juhatust","status":"publish","type":"post","link":"https:\/\/www.europesays.com\/ee\/130348\/","title":{"rendered":"Vehklemisliidu president Alar Eiche astus tagasi: kutsun sama tegema kogu juhatust"},"content":{"rendered":"<p>Alar Eiche meediale saadetud avaldus:<\/p>\n<p>\u201eHead vehklemiskogukonna liikmed, sportlased, treenerid, klubide esindajad, lapsevanemad ja toetajad!<\/p>\n<p>T\u00e4nan teid senise koost\u00f6\u00f6 eest. Annan siinkohal teada, et olen otsustanud astuda tagasi Eesti Vehklemisliidu presidendi ametist. See otsus ei s\u00fcndinud kergelt.<\/p>\n<p>Kui mind novembris presidendiks valiti, oli minu eesm\u00e4rk lihtne ja selge: taastada alaliidus kodurahu ja l\u00f5petada aastatepikkune sisemine kraaklemine. Selle aja jooksul olen n\u00e4inud meie sportlaste suurep\u00e4raseid tulemusi, suhelnud noortega, tegelenud kohtuvaidluse sasipuntraga, p\u00fc\u00fcdnud tuua selgust alaliidu finantsseisu ning m\u00e4\u00e4ranud naiskonna peatreeneriks Nikolai Novosjolovi \u2013 teinud otsuse, mida on nimetatud viimaste aastate parimaks sammuks Eesti vehklemises.<\/p>\n<p>Sellest hoolimata otsustasid m\u00f5ned Eesti Vehklemisliidu liikmed mind umbusaldada. 10. m\u00e4rtsil toimunud Eesti Vehklemisliidu \u00fcldkoosolek pidi olema koht, kus need inimesed tulevad kohale, vaatavad kogukonnale silma ja p\u00f5hjendavad oma samme. 10. m\u00e4rtsil olid kohal muuhulgas kolme Tokyo ol\u00fcmpiav\u00f5itja klubid. K\u00f5ik klubid, kes olid \u00fcldkoosolekul esindatud, n\u00e4itasid, et austavad ala ja ootavad ausat arutelu. Samal ajal valisid umbusaldajad k\u00f5ige arglikuma tee: kollektiivse kadumise. Mitte kohale tulla. Mitte vastata. Mitte selgitada. Mitte v\u00f5tta vastutust. Telefonid l\u00fclitati v\u00e4lja, peideti end varju ja loodeti korduskoosolekule, kus presidendi tagasikutsumiseks piisab kahest inimesest ja kahest h\u00e4\u00e4lest. Seda ei saa nimetada ei strateegiaks ega juhtimiseks. See on tagatubade taktika ja lugupidamatuse demonstratsioon kogu Eesti vehklemiskogukonna suhtes.<\/p>\n<p>Kui juhatuse liikmed ei suuda ilmuda koosolekule, mille nad ise sisuliselt esile kutsusid, siis ei saa r\u00e4\u00e4kida ei juhtimisest ega vastutusest. Saab r\u00e4\u00e4kida ainult manipulatsioonist, protseduuride \u00e4rakasutamisest ja soovist v\u00e4ltida avalikku dialoogi. Selline k\u00e4itumine ei ole lihtsalt halb stiil. See on kahjulik Eesti vehklemisele. See n\u00e4itab, et m\u00f5ne jaoks on isiklik agenda t\u00e4htsam kui ala tervik. Eesti vehklemine v\u00e4\u00e4rib paremat kui juhid, kes ilmuvad kohale ainult siis, kui tingimused on neile mugavad ja tulemus ette teada. Viimased kuud on n\u00e4idanud midagi v\u00e4ga selget: Eesti Vehklemisliidu juhatuses on kujunenud vastasseis, mis ei ole enam ei juhitav ega j\u00e4tkusuutlik. \u00dckski organisatsioon ei saa toimida, kui juhatus on l\u00f5henenud, otsused s\u00fcnnivad isiklike konfliktide varjus ja juhtimine muutub sisuliselt v\u00f5imatuks.<\/p>\n<p>Usun tasakaalu ja institutsionaalsesse vastutusse. Praegune olukord seda ei v\u00f5imalda. Ei ole normaalne ega terve, kui viieliikmelises juhatuses esindab kaks liiget sama klubi ning et noorte sportlaste rahastamise otsus tehakse 06. m\u00e4rtsi juhatuse koosolekul kiirustades, ilma alaliidu sisemist arutelu pidamata, tuginedes \u00fche juhatuse liikme (Martti Moosus, Tallinna M\u00f5\u00f5k) arvutis olevale tabelile. Tagantj\u00e4rgi teiste klubide esindajatega vestelnuna \u00fctlen, et selline otsustamine ei ole l\u00e4bipaistev, ei ole \u00f5iglane ja ei ole professionaalne. <\/p>\n<p>Organisatsiooni juhtimine peab p\u00f5hinema laiemal esindatusel. Eesti vehklemise juhtimises peavad olema esindatud piirkonnad (Tallinn, Tartu, P\u00e4rnu, Haapsalu), treenerid, sportlased, lapsevanemad. Vastasel juhul tekib paratamatult mulje \u2014 ja sageli ka tegelikkus \u2014 et otsuseid tehakse \u00fche grupi huvidest l\u00e4htuvalt.<\/p>\n<p>Kutsun juhatuse liikmeid \u00fcles oma vastutust laiemalt kaaluma ja tagasi astuma. Eesti vehklemine vajab uut, laiap\u00f5hjalisemat juhatust, mis suudab taastada usalduse ja l\u00f5petada sisemised vastasseisud. P\u00f5hikiri v\u00f5imaldab juhatuse suurust laiendada \u00fcheksale liikmele \u2014 see on v\u00f5imalus, mida tuleks kasutada. Ainult nii saab tagada, et otsused s\u00fcnnivad l\u00e4bipaistvalt, tasakaalustatult ja kogu ala huvidest l\u00e4htudes.<\/p>\n<p>Head vehklejad. Presidendid tulevad ja l\u00e4hevad. Vehklemine j\u00e4\u00e4b.<\/p>\n<p>T\u00e4nan k\u00f5iki koost\u00f6\u00f6 eest<\/p>\n<p>Kuidas see lugu Sind end tundma pani? Saada <a href=\"https:\/\/sport.delfi.ee\/artikkel\/120442576\/vehklemisliidu-president-alar-eiche-astus-tagasi-kutsun-sama-tegema-kogu-juhatust\/kommentaarid\" class=\"article-body-bottom__comment article-body-bottom__comment--write button button--primary button--size-auto\" rel=\"nofollow noopener\" target=\"_blank\"> Kommenteeri <\/a><a href=\"https:\/\/sport.delfi.ee\/artikkel\/120442576\/vehklemisliidu-president-alar-eiche-astus-tagasi-kutsun-sama-tegema-kogu-juhatust\/kommentaarid\" class=\"article-body-bottom__comment article-body-bottom__comment--read button button--size-auto\" rel=\"nofollow noopener\" target=\"_blank\"> Loe kommentaare (3)<\/a><\/p>\n","protected":false},"excerpt":{"rendered":"Alar Eiche meediale saadetud avaldus: \u201eHead vehklemiskogukonna liikmed, sportlased, treenerid, klubide esindajad, lapsevanemad ja toetajad! T\u00e4nan teid senise&hellip;\n","protected":false},"author":2,"featured_media":130349,"comment_status":"","ping_status":"","sticky":false,"template":"","format":"standard","meta":{"footnotes":"","_share_on_mastodon":"0"},"categories":[18],"tags":[20657,37,33,35,16551,34,36,159,158],"class_list":["post-130348","post","type-post","status-publish","format-standard","has-post-thumbnail","category-sport","tag-alar-eiche","tag-ee","tag-eesti","tag-eesti-keel","tag-eesti-vehklemisliit","tag-estonia","tag-estonian","tag-sport","tag-sports"],"share_on_mastodon":{"url":"https:\/\/pubeurope.com\/@ee\/116238739683867876","error":""},"_links":{"self":[{"href":"https:\/\/www.europesays.com\/ee\/wp-json\/wp\/v2\/posts\/130348","targetHints":{"allow":["GET"]}}],"collection":[{"href":"https:\/\/www.europesays.com\/ee\/wp-json\/wp\/v2\/posts"}],"about":[{"href":"https:\/\/www.europesays.com\/ee\/wp-json\/wp\/v2\/types\/post"}],"author":[{"embeddable":true,"href":"https:\/\/www.europesays.com\/ee\/wp-json\/wp\/v2\/users\/2"}],"replies":[{"embeddable":true,"href":"https:\/\/www.europesays.com\/ee\/wp-json\/wp\/v2\/comments?post=130348"}],"version-history":[{"count":0,"href":"https:\/\/www.europesays.com\/ee\/wp-json\/wp\/v2\/posts\/130348\/revisions"}],"wp:featuredmedia":[{"embeddable":true,"href":"https:\/\/www.europesays.com\/ee\/wp-json\/wp\/v2\/media\/130349"}],"wp:attachment":[{"href":"https:\/\/www.europesays.com\/ee\/wp-json\/wp\/v2\/media?parent=130348"}],"wp:term":[{"taxonomy":"category","embeddable":true,"href":"https:\/\/www.europesays.com\/ee\/wp-json\/wp\/v2\/categories?post=130348"},{"taxonomy":"post_tag","embeddable":true,"href":"https:\/\/www.europesays.com\/ee\/wp-json\/wp\/v2\/tags?post=130348"}],"curies":[{"name":"wp","href":"https:\/\/api.w.org\/{rel}","templated":true}]}}