{"id":130425,"date":"2026-03-16T13:29:08","date_gmt":"2026-03-16T13:29:08","guid":{"rendered":"https:\/\/www.europesays.com\/ee\/130425\/"},"modified":"2026-03-16T13:29:08","modified_gmt":"2026-03-16T13:29:08","slug":"otse-postimehest-%e2%9f%a9-mis-saab-narvast-stuudios-on-katri-raik","status":"publish","type":"post","link":"https:\/\/www.europesays.com\/ee\/130425\/","title":{"rendered":"OTSE POSTIMEHEST \u27e9 Mis saab Narvast? Stuudios on Katri Raik"},"content":{"rendered":"<p>Eesti suuruselt kolmandas linnas Narvas ei ole poliitilistel intriigidel otsa ega \u00e4\u00e4rt, sest j\u00e4rjekordselt on seda linna ees ootamas v\u00f5imuvahetus, kuna Katri Raiki nimekirja liige on otsustanud \u00fchte heita valimisliit Plaan B seltskonnaga. Postimehe otsestuudiosse tuleb k\u00fclla Katri Raik (SDE), kellega r\u00e4\u00e4gime Narvas toimuvast. Saade on eetris teisip\u00e4eval kell 14.<\/p>\n","protected":false},"excerpt":{"rendered":"Eesti suuruselt kolmandas linnas Narvas ei ole poliitilistel intriigidel otsa ega \u00e4\u00e4rt, sest j\u00e4rjekordselt on seda linna ees&hellip;\n","protected":false},"author":2,"featured_media":130426,"comment_status":"","ping_status":"","sticky":false,"template":"","format":"standard","meta":{"footnotes":"","_share_on_mastodon":"0"},"categories":[12],"tags":[26,27,37,33,35,34,36,31,32,21,12917,28,29,19,25,16962,48899,59392,23,24,22,20,12619,30],"class_list":["post-130425","post","type-post","status-publish","format-standard","has-post-thumbnail","category-eesti","tag-breaking-news","tag-breakingnews","tag-ee","tag-eesti","tag-eesti-keel","tag-estonia","tag-estonian","tag-featured-news","tag-featurednews","tag-headlines","tag-kulaline","tag-latest-news","tag-latestnews","tag-news","tag-populaarseimad-lood","tag-saatejuht","tag-tarvo-madsen","tag-teema","tag-top-stories","tag-topstories","tag-uldised-uudised","tag-uudised","tag-vestlus","tag-viimased-uudised"],"share_on_mastodon":{"url":"https:\/\/pubeurope.com\/@ee\/116239097190896085","error":""},"_links":{"self":[{"href":"https:\/\/www.europesays.com\/ee\/wp-json\/wp\/v2\/posts\/130425","targetHints":{"allow":["GET"]}}],"collection":[{"href":"https:\/\/www.europesays.com\/ee\/wp-json\/wp\/v2\/posts"}],"about":[{"href":"https:\/\/www.europesays.com\/ee\/wp-json\/wp\/v2\/types\/post"}],"author":[{"embeddable":true,"href":"https:\/\/www.europesays.com\/ee\/wp-json\/wp\/v2\/users\/2"}],"replies":[{"embeddable":true,"href":"https:\/\/www.europesays.com\/ee\/wp-json\/wp\/v2\/comments?post=130425"}],"version-history":[{"count":0,"href":"https:\/\/www.europesays.com\/ee\/wp-json\/wp\/v2\/posts\/130425\/revisions"}],"wp:featuredmedia":[{"embeddable":true,"href":"https:\/\/www.europesays.com\/ee\/wp-json\/wp\/v2\/media\/130426"}],"wp:attachment":[{"href":"https:\/\/www.europesays.com\/ee\/wp-json\/wp\/v2\/media?parent=130425"}],"wp:term":[{"taxonomy":"category","embeddable":true,"href":"https:\/\/www.europesays.com\/ee\/wp-json\/wp\/v2\/categories?post=130425"},{"taxonomy":"post_tag","embeddable":true,"href":"https:\/\/www.europesays.com\/ee\/wp-json\/wp\/v2\/tags?post=130425"}],"curies":[{"name":"wp","href":"https:\/\/api.w.org\/{rel}","templated":true}]}}